{"id":64098,"date":"2021-11-05T16:06:31","date_gmt":"2021-11-05T19:06:31","guid":{"rendered":"https:\/\/crarn.org.br\/?p=64098"},"modified":"2021-11-05T16:06:34","modified_gmt":"2021-11-05T19:06:34","slug":"cra-rn-participa-de-colacao-de-grau-da-faculdade-anhanguera-em-currais-novos","status":"publish","type":"post","link":"https:\/\/crarn.org.br\/?p=64098","title":{"rendered":"CRA-RN participa de cola\u00e7\u00e3o de grau da Faculdade Anhanguera, em Currais Novos"},"content":{"rendered":"\n<p>Na noite desta quinta-feira (04\/11), o conselheiro Pablo Phorlan, representou o CRA-RN na solenidade de cola\u00e7\u00e3o de grau da turma de bachar\u00e9is em administra\u00e7\u00e3o do curso EaD, da Faculdade Anhanguera, em Currais Novos.<\/p>\n<p>Participaram da cerim\u00f4nia presencial, tamb\u00e9m, o diretor administrativo do Polo, Alexandre Nicolas Dantas e coordenadora, Maria Josenete Borges de Oliveira.<\/p>\n<p>Na mensagem dirigida aos novos bachar\u00e9is, Pablo iniciou agradecendo o convite e parabenizando os concluintes pela conquista.<\/p>\n<p>Em seguida, falou sobre a import\u00e2ncia de os novos profissionais levarem mais humanidade \u00e0s organiza\u00e7\u00f5es, levando em considera\u00e7\u00e3o que a ess\u00eancia s\u00e3o as pessoas. \u201cA gest\u00e3o deve ser feita para as pessoas, e n\u00e3o apenas com finalidade de lucrar. \u00c9 necess\u00e1rio pensar as institui\u00e7\u00f5es no \u00e2mbito do seu prop\u00f3sito social e n\u00e3o somente lucrativo, tendo em vista que o lucro \u00e9 meio, uma forma de manter as organiza\u00e7\u00f5es vivas e saud\u00e1veis, n\u00e3o devendo ser uma finalidade organizacional\u201d, explicou.<\/p>\n<p>\u00a0<\/p>\n<button class=\"simplefavorite-button\" data-postid=\"64098\" data-siteid=\"1\" data-groupid=\"1\" data-favoritecount=\"0\" style=\"\">Favorite <i class=\"sf-icon-star-empty\"><\/i><\/button>","protected":false},"excerpt":{"rendered":"<p>Na noite desta quinta-feira (04\/11), o conselheiro Pablo Phorlan, representou o CRA-RN na solenidade de cola\u00e7\u00e3o de grau da turma de bachar\u00e9is em administra\u00e7\u00e3o do curso EaD, da Faculdade Anhanguera, em Currais Novos. Participaram da cerim\u00f4nia presencial, tamb\u00e9m, o diretor administrativo do Polo, Alexandre Nicolas Dantas e coordenadora, Maria Josenete Borges de Oliveira. Na mensagem<a class=\"read-more\" href=\"https:\/\/crarn.org.br\/?p=64098\"> [&hellip;]<\/a><\/p>\n","protected":false},"author":26,"featured_media":64099,"comment_status":"closed","ping_status":"open","sticky":true,"template":"","format":"standard","meta":{"_price":"","_stock":"","_tribe_ticket_header":"","_tribe_default_ticket_provider":"","_tribe_ticket_capacity":"0","_ticket_start_date":"","_ticket_end_date":"","_tribe_ticket_show_description":"","_tribe_ticket_show_not_going":false,"_tribe_ticket_use_global_stock":"","_tribe_ticket_global_stock_level":"","_global_stock_mode":"","_global_stock_cap":"","_tribe_rsvp_for_event":"","_tribe_ticket_going_count":"","_tribe_ticket_not_going_count":"","_tribe_tickets_list":"[]","_tribe_ticket_has_attendee_info_fields":false,"footnotes":"","_links_to":"","_links_to_target":""},"categories":[547,311,320,399,309],"tags":[],"class_list":["post-64098","post","type-post","status-publish","format-standard","has-post-thumbnail","hentry","category-ano-2021","category-destaque-pequeno-superior","category-home","category-institucional","category-ultimas-noticias","entry","has-media"],"_links":{"self":[{"href":"https:\/\/crarn.org.br\/index.php?rest_route=\/wp\/v2\/posts\/64098","targetHints":{"allow":["GET"]}}],"collection":[{"href":"https:\/\/crarn.org.br\/index.php?rest_route=\/wp\/v2\/posts"}],"about":[{"href":"https:\/\/crarn.org.br\/index.php?rest_route=\/wp\/v2\/types\/post"}],"author":[{"embeddable":true,"href":"https:\/\/crarn.org.br\/index.php?rest_route=\/wp\/v2\/users\/26"}],"replies":[{"embeddable":true,"href":"https:\/\/crarn.org.br\/index.php?rest_route=%2Fwp%2Fv2%2Fcomments&post=64098"}],"version-history":[{"count":1,"href":"https:\/\/crarn.org.br\/index.php?rest_route=\/wp\/v2\/posts\/64098\/revisions"}],"predecessor-version":[{"id":64100,"href":"https:\/\/crarn.org.br\/index.php?rest_route=\/wp\/v2\/posts\/64098\/revisions\/64100"}],"wp:featuredmedia":[{"embeddable":true,"href":"https:\/\/crarn.org.br\/index.php?rest_route=\/wp\/v2\/media\/64099"}],"wp:attachment":[{"href":"https:\/\/crarn.org.br\/index.php?rest_route=%2Fwp%2Fv2%2Fmedia&parent=64098"}],"wp:term":[{"taxonomy":"category","embeddable":true,"href":"https:\/\/crarn.org.br\/index.php?rest_route=%2Fwp%2Fv2%2Fcategories&post=64098"},{"taxonomy":"post_tag","embeddable":true,"href":"https:\/\/crarn.org.br\/index.php?rest_route=%2Fwp%2Fv2%2Ftags&post=64098"}],"curies":[{"name":"wp","href":"https:\/\/api.w.org\/{rel}","templated":true}]}}