{"id":64094,"date":"2021-11-04T13:13:05","date_gmt":"2021-11-04T16:13:05","guid":{"rendered":"https:\/\/crarn.org.br\/?p=64094"},"modified":"2021-11-04T13:13:08","modified_gmt":"2021-11-04T16:13:08","slug":"cra-rn-leva-palestra-a-estudantes-de-cursos-tecnicos","status":"publish","type":"post","link":"https:\/\/crarn.org.br\/?p=64094","title":{"rendered":"CRA-RN leva palestra a estudantes de cursos t\u00e9cnicos"},"content":{"rendered":"\n<p>Na manh\u00e3 desta quarta-feira (03\/11), o vice-presidente do CRA-RN, Rodrigo Fortunato, levou informa\u00e7\u00f5es e conhecimento aos estudantes dos cursos t\u00e9cnicos em Administra\u00e7\u00e3o da Escola Estadual Dr. Ant\u00f4nio de Souza, em Parnamirim.<\/p>\n<p>Trata-se de uma a\u00e7\u00e3o inovadora do regional, j\u00e1 que, at\u00e9 ent\u00e3o as palestras eram realizadas em institui\u00e7\u00f5es de ensino superior. Para um p\u00fablico formado por estudantes de cursos t\u00e9cnicos, foi a primeira vez.<\/p>\n<p>Durante a explana\u00e7\u00e3o, que contou com a participa\u00e7\u00e3o de cerca de 250 alunos, o vice-presidente falou sobre a ci\u00eancia da Administra\u00e7\u00e3o; o profissional e as \u00e1reas de atua\u00e7\u00e3o, al\u00e9m de esclarecimentos sobre a import\u00e2ncia do CRA-RN, como: o que \u00e9 o conselho, para que serve, representantes nas v\u00e1rias regi\u00f5es do estado, obrigatoriedade do registro, quem pode se registrar, as taxas, etc.<\/p>\n<p>Para Rodrigo, foi muito gratificante ver os jovens alunos t\u00e3o interessados pela profiss\u00e3o e pelo conselho, mesmo ainda cursando o n\u00edvel t\u00e9cnico. \u201cEssa \u00e9 uma a\u00e7\u00e3o que \u00e9 sempre solicitada pelas universidades. N\u00e3o recebemos tantos pedidos de escolas t\u00e9cnicas e \u00e9 uma \u00e1rea em que \u00e9 muito importante a nossa presen\u00e7a. Agora estamos sendo chamados e esse reconhecimento e interesse nos deixa muito satisfeitos\u201d, concluiu.<\/p>\n<p>\u00a0<\/p>\n<button class=\"simplefavorite-button\" data-postid=\"64094\" data-siteid=\"1\" data-groupid=\"1\" data-favoritecount=\"0\" style=\"\">Favorite <i class=\"sf-icon-star-empty\"><\/i><\/button>","protected":false},"excerpt":{"rendered":"<p>Na manh\u00e3 desta quarta-feira (03\/11), o vice-presidente do CRA-RN, Rodrigo Fortunato, levou informa\u00e7\u00f5es e conhecimento aos estudantes dos cursos t\u00e9cnicos em Administra\u00e7\u00e3o da Escola Estadual Dr. Ant\u00f4nio de Souza, em Parnamirim. Trata-se de uma a\u00e7\u00e3o inovadora do regional, j\u00e1 que, at\u00e9 ent\u00e3o as palestras eram realizadas em institui\u00e7\u00f5es de ensino superior. Para um p\u00fablico formado<a class=\"read-more\" href=\"https:\/\/crarn.org.br\/?p=64094\"> [&hellip;]<\/a><\/p>\n","protected":false},"author":26,"featured_media":64095,"comment_status":"closed","ping_status":"open","sticky":true,"template":"","format":"standard","meta":{"_price":"","_stock":"","_tribe_ticket_header":"","_tribe_default_ticket_provider":"","_tribe_ticket_capacity":"0","_ticket_start_date":"","_ticket_end_date":"","_tribe_ticket_show_description":"","_tribe_ticket_show_not_going":false,"_tribe_ticket_use_global_stock":"","_tribe_ticket_global_stock_level":"","_global_stock_mode":"","_global_stock_cap":"","_tribe_rsvp_for_event":"","_tribe_ticket_going_count":"","_tribe_ticket_not_going_count":"","_tribe_tickets_list":"[]","_tribe_ticket_has_attendee_info_fields":false,"footnotes":"","_links_to":"","_links_to_target":""},"categories":[547,312,320,399,309],"tags":[],"class_list":["post-64094","post","type-post","status-publish","format-standard","has-post-thumbnail","hentry","category-ano-2021","category-destaque-pequeno-inferior","category-home","category-institucional","category-ultimas-noticias","entry","has-media"],"_links":{"self":[{"href":"https:\/\/crarn.org.br\/index.php?rest_route=\/wp\/v2\/posts\/64094","targetHints":{"allow":["GET"]}}],"collection":[{"href":"https:\/\/crarn.org.br\/index.php?rest_route=\/wp\/v2\/posts"}],"about":[{"href":"https:\/\/crarn.org.br\/index.php?rest_route=\/wp\/v2\/types\/post"}],"author":[{"embeddable":true,"href":"https:\/\/crarn.org.br\/index.php?rest_route=\/wp\/v2\/users\/26"}],"replies":[{"embeddable":true,"href":"https:\/\/crarn.org.br\/index.php?rest_route=%2Fwp%2Fv2%2Fcomments&post=64094"}],"version-history":[{"count":1,"href":"https:\/\/crarn.org.br\/index.php?rest_route=\/wp\/v2\/posts\/64094\/revisions"}],"predecessor-version":[{"id":64096,"href":"https:\/\/crarn.org.br\/index.php?rest_route=\/wp\/v2\/posts\/64094\/revisions\/64096"}],"wp:featuredmedia":[{"embeddable":true,"href":"https:\/\/crarn.org.br\/index.php?rest_route=\/wp\/v2\/media\/64095"}],"wp:attachment":[{"href":"https:\/\/crarn.org.br\/index.php?rest_route=%2Fwp%2Fv2%2Fmedia&parent=64094"}],"wp:term":[{"taxonomy":"category","embeddable":true,"href":"https:\/\/crarn.org.br\/index.php?rest_route=%2Fwp%2Fv2%2Fcategories&post=64094"},{"taxonomy":"post_tag","embeddable":true,"href":"https:\/\/crarn.org.br\/index.php?rest_route=%2Fwp%2Fv2%2Ftags&post=64094"}],"curies":[{"name":"wp","href":"https:\/\/api.w.org\/{rel}","templated":true}]}}