{"id":64086,"date":"2021-10-28T17:00:22","date_gmt":"2021-10-28T20:00:22","guid":{"rendered":"https:\/\/crarn.org.br\/?p=64086"},"modified":"2021-10-28T17:00:25","modified_gmt":"2021-10-28T20:00:25","slug":"cra-rn-leva-alto-desempenho-a-servidores-da-caern","status":"publish","type":"post","link":"https:\/\/crarn.org.br\/?p=64086","title":{"rendered":"CRA-RN leva alto desempenho a servidores da CAERN"},"content":{"rendered":"\n<p>A parceria entre o CRA-RN e a CAERN, visando a levar capacita\u00e7\u00e3o pessoal e t\u00e9cnica aos servidores da companhia atrav\u00e9s de palestras do Circuito de Workshops \u201cEm Busca do 6\u201d, realizou a sua terceira edi\u00e7\u00e3o na manh\u00e3 desta quinta-feira (28).<\/p>\n<p>O vice-presidente do CRA-RN, Rodrigo Fortunato, falou aos participantes sobre \u201cComo ser um profissional de alto desempenho\u201d.<\/p>\n<p>A palestra aconteceu de forma h\u00edbrida, com alguns assistindo presencialmente e, a maior parte dos cerca de 70 servidores, participando remotamente pelo Google Meet.<\/p>\n<p>Em sua apresenta\u00e7\u00e3o, Rodrigo questionou o que eles pensam sobre o tema, enumerou as principais habilidades necess\u00e1rias para alcan\u00e7ar o alto desempenho e, ao final, deixou uma reflex\u00e3o sobre qual a marca que cada um quer deixar no mundo.<\/p>\n<button class=\"simplefavorite-button\" data-postid=\"64086\" data-siteid=\"1\" data-groupid=\"1\" data-favoritecount=\"0\" style=\"\">Favorite <i class=\"sf-icon-star-empty\"><\/i><\/button>","protected":false},"excerpt":{"rendered":"<p>A parceria entre o CRA-RN e a CAERN, visando a levar capacita\u00e7\u00e3o pessoal e t\u00e9cnica aos servidores da companhia atrav\u00e9s de palestras do Circuito de Workshops \u201cEm Busca do 6\u201d, realizou a sua terceira edi\u00e7\u00e3o na manh\u00e3 desta quinta-feira (28). O vice-presidente do CRA-RN, Rodrigo Fortunato, falou aos participantes sobre \u201cComo ser um profissional de<a class=\"read-more\" href=\"https:\/\/crarn.org.br\/?p=64086\"> [&hellip;]<\/a><\/p>\n","protected":false},"author":26,"featured_media":64087,"comment_status":"closed","ping_status":"open","sticky":true,"template":"","format":"standard","meta":{"_price":"","_stock":"","_tribe_ticket_header":"","_tribe_default_ticket_provider":"","_tribe_ticket_capacity":"0","_ticket_start_date":"","_ticket_end_date":"","_tribe_ticket_show_description":"","_tribe_ticket_show_not_going":false,"_tribe_ticket_use_global_stock":"","_tribe_ticket_global_stock_level":"","_global_stock_mode":"","_global_stock_cap":"","_tribe_rsvp_for_event":"","_tribe_ticket_going_count":"","_tribe_ticket_not_going_count":"","_tribe_tickets_list":"[]","_tribe_ticket_has_attendee_info_fields":false,"footnotes":"","_links_to":"","_links_to_target":""},"categories":[547,311,320,399,309],"tags":[],"class_list":["post-64086","post","type-post","status-publish","format-standard","has-post-thumbnail","hentry","category-ano-2021","category-destaque-pequeno-superior","category-home","category-institucional","category-ultimas-noticias","entry","has-media"],"_links":{"self":[{"href":"https:\/\/crarn.org.br\/index.php?rest_route=\/wp\/v2\/posts\/64086","targetHints":{"allow":["GET"]}}],"collection":[{"href":"https:\/\/crarn.org.br\/index.php?rest_route=\/wp\/v2\/posts"}],"about":[{"href":"https:\/\/crarn.org.br\/index.php?rest_route=\/wp\/v2\/types\/post"}],"author":[{"embeddable":true,"href":"https:\/\/crarn.org.br\/index.php?rest_route=\/wp\/v2\/users\/26"}],"replies":[{"embeddable":true,"href":"https:\/\/crarn.org.br\/index.php?rest_route=%2Fwp%2Fv2%2Fcomments&post=64086"}],"version-history":[{"count":2,"href":"https:\/\/crarn.org.br\/index.php?rest_route=\/wp\/v2\/posts\/64086\/revisions"}],"predecessor-version":[{"id":64089,"href":"https:\/\/crarn.org.br\/index.php?rest_route=\/wp\/v2\/posts\/64086\/revisions\/64089"}],"wp:featuredmedia":[{"embeddable":true,"href":"https:\/\/crarn.org.br\/index.php?rest_route=\/wp\/v2\/media\/64087"}],"wp:attachment":[{"href":"https:\/\/crarn.org.br\/index.php?rest_route=%2Fwp%2Fv2%2Fmedia&parent=64086"}],"wp:term":[{"taxonomy":"category","embeddable":true,"href":"https:\/\/crarn.org.br\/index.php?rest_route=%2Fwp%2Fv2%2Fcategories&post=64086"},{"taxonomy":"post_tag","embeddable":true,"href":"https:\/\/crarn.org.br\/index.php?rest_route=%2Fwp%2Fv2%2Ftags&post=64086"}],"curies":[{"name":"wp","href":"https:\/\/api.w.org\/{rel}","templated":true}]}}