{"id":64074,"date":"2021-10-20T13:22:24","date_gmt":"2021-10-20T16:22:24","guid":{"rendered":"https:\/\/crarn.org.br\/?p=64074"},"modified":"2021-10-20T13:22:27","modified_gmt":"2021-10-20T16:22:27","slug":"clube-de-vantagens-oferece-mba-com-desconto-atraente","status":"publish","type":"post","link":"https:\/\/crarn.org.br\/?p=64074","title":{"rendered":"Clube de Vantagens oferece MBA com desconto atraente"},"content":{"rendered":"\n<p>No mundo do trabalho e globalizado, \u00e9 preciso estar atento \u00e0s quest\u00f5es internacionais. Quem \u00e9 administrador e atua profissionalmente al\u00e9m das fronteiras, esta \u00e9 uma das compet\u00eancias essenciais. Pensando nisso, o Conselho Federal de Administra\u00e7\u00e3o (CFA), por meio do Clube de Vantagens dos Profissionais de Administra\u00e7\u00e3o, oferece mais um benef\u00edcio para os registrados: MBA em Rela\u00e7\u00f5es Internacionais.<\/p>\n<p>A p\u00f3s-gradua\u00e7\u00e3o \u00e9 oferecida pela Escola Nacional de Forma\u00e7\u00e3o em Rela\u00e7\u00f5es Internacionais (Enfri). O curso conta com uma equipe docente experiente e, por meio de uma metodologia totalmente diferente, visa capacitar profissionais para atuarem na \u00e1rea internacional e, al\u00e9m disso, oportunizar o ingresso no segmento.<\/p>\n<p>As aulas s\u00e3o totalmente on-line, mas um dos diferenciais da forma\u00e7\u00e3o s\u00e3o as mentorias com profissionais reconhecidos e atuantes no mercado. A primeira delas j\u00e1 foi confirmada e ser\u00e1 dada pela gerente de Contratos da Heineken, Tatiana Baglioti.<\/p>\n<p>Por meio da parceria com o CFA, os profissionais de Administra\u00e7\u00e3o registrados no Sistema CFA\/CRAs ter\u00e3o 15% de desconto no MBA em Rela\u00e7\u00f5es Internacionais. Para saber mais, acesse https:\/\/www.cursosenfri.com.br\/p\/mba-em-ri<\/p>\n<button class=\"simplefavorite-button\" data-postid=\"64074\" data-siteid=\"1\" data-groupid=\"1\" data-favoritecount=\"0\" style=\"\">Favorite <i class=\"sf-icon-star-empty\"><\/i><\/button>","protected":false},"excerpt":{"rendered":"<p>No mundo do trabalho e globalizado, \u00e9 preciso estar atento \u00e0s quest\u00f5es internacionais. Quem \u00e9 administrador e atua profissionalmente al\u00e9m das fronteiras, esta \u00e9 uma das compet\u00eancias essenciais. Pensando nisso, o Conselho Federal de Administra\u00e7\u00e3o (CFA), por meio do Clube de Vantagens dos Profissionais de Administra\u00e7\u00e3o, oferece mais um benef\u00edcio para os registrados: MBA em<a class=\"read-more\" href=\"https:\/\/crarn.org.br\/?p=64074\"> [&hellip;]<\/a><\/p>\n","protected":false},"author":26,"featured_media":64076,"comment_status":"closed","ping_status":"open","sticky":true,"template":"","format":"standard","meta":{"_price":"","_stock":"","_tribe_ticket_header":"","_tribe_default_ticket_provider":"","_tribe_ticket_capacity":"0","_ticket_start_date":"","_ticket_end_date":"","_tribe_ticket_show_description":"","_tribe_ticket_show_not_going":false,"_tribe_ticket_use_global_stock":"","_tribe_ticket_global_stock_level":"","_global_stock_mode":"","_global_stock_cap":"","_tribe_rsvp_for_event":"","_tribe_ticket_going_count":"","_tribe_ticket_not_going_count":"","_tribe_tickets_list":"[]","_tribe_ticket_has_attendee_info_fields":false,"footnotes":"","_links_to":"","_links_to_target":""},"categories":[547,426,311,399,309],"tags":[],"class_list":["post-64074","post","type-post","status-publish","format-standard","has-post-thumbnail","hentry","category-ano-2021","category-cfa","category-destaque-pequeno-superior","category-institucional","category-ultimas-noticias","entry","has-media"],"_links":{"self":[{"href":"https:\/\/crarn.org.br\/index.php?rest_route=\/wp\/v2\/posts\/64074","targetHints":{"allow":["GET"]}}],"collection":[{"href":"https:\/\/crarn.org.br\/index.php?rest_route=\/wp\/v2\/posts"}],"about":[{"href":"https:\/\/crarn.org.br\/index.php?rest_route=\/wp\/v2\/types\/post"}],"author":[{"embeddable":true,"href":"https:\/\/crarn.org.br\/index.php?rest_route=\/wp\/v2\/users\/26"}],"replies":[{"embeddable":true,"href":"https:\/\/crarn.org.br\/index.php?rest_route=%2Fwp%2Fv2%2Fcomments&post=64074"}],"version-history":[{"count":1,"href":"https:\/\/crarn.org.br\/index.php?rest_route=\/wp\/v2\/posts\/64074\/revisions"}],"predecessor-version":[{"id":64077,"href":"https:\/\/crarn.org.br\/index.php?rest_route=\/wp\/v2\/posts\/64074\/revisions\/64077"}],"wp:featuredmedia":[{"embeddable":true,"href":"https:\/\/crarn.org.br\/index.php?rest_route=\/wp\/v2\/media\/64076"}],"wp:attachment":[{"href":"https:\/\/crarn.org.br\/index.php?rest_route=%2Fwp%2Fv2%2Fmedia&parent=64074"}],"wp:term":[{"taxonomy":"category","embeddable":true,"href":"https:\/\/crarn.org.br\/index.php?rest_route=%2Fwp%2Fv2%2Fcategories&post=64074"},{"taxonomy":"post_tag","embeddable":true,"href":"https:\/\/crarn.org.br\/index.php?rest_route=%2Fwp%2Fv2%2Ftags&post=64074"}],"curies":[{"name":"wp","href":"https:\/\/api.w.org\/{rel}","templated":true}]}}