{"id":64055,"date":"2021-10-13T13:21:30","date_gmt":"2021-10-13T16:21:30","guid":{"rendered":"https:\/\/crarn.org.br\/?p=64055"},"modified":"2021-10-13T13:21:33","modified_gmt":"2021-10-13T16:21:33","slug":"ainda-da-tempo-de-participar-do-premio-cfa-guerreiro-ramos","status":"publish","type":"post","link":"https:\/\/crarn.org.br\/?p=64055","title":{"rendered":"Ainda d\u00e1 tempo de participar do Pr\u00eamio CFA Guerreiro Ramos"},"content":{"rendered":"\n<p>As inscri\u00e7\u00f5es para o Pr\u00eamio CFA Guerreiro Ramos \u2013 edi\u00e7\u00e3o 2021 foram prorrogadas. Os interessados em participar da iniciativa ter\u00e3o at\u00e9 o dia 15 de outubro para se inscrever. A premia\u00e7\u00e3o tem como objetivo reconhecer formalmente profissionais e acad\u00eamicos da Administra\u00e7\u00e3o pelo m\u00e9rito alcan\u00e7ado em virtude do desenvolvimento de trabalhos que caracterizem pr\u00e1ticas inovadoras ou pesquisas cient\u00edficas capazes de transformar e melhorar continuamente a Administra\u00e7\u00e3o P\u00fablica brasileira.<\/p>\n<p>Os profissionais de administra\u00e7\u00e3o poder\u00e3o concorrer ao pr\u00eamio em duas categorias: Pesquisa Cient\u00edfica ou Pr\u00e1ticas Inovadoras. A primeira \u00e9 destinada aos estudantes de gradua\u00e7\u00e3o com registro em CRA e que tenham desenvolvido pesquisa cient\u00edfica na \u00e1rea da Administra\u00e7\u00e3o.\u00a0<\/p>\n<p>J\u00e1 a segunda \u00e9 voltada para profissionais de administra\u00e7\u00e3o devidamente registrados que tenham coordenado, executado, participado ou implementado pr\u00e1ticas inovadoras de gest\u00e3o em qualquer esfera da Administra\u00e7\u00e3o P\u00fablica.<\/p>\n<p>Os tr\u00eas melhores trabalhos em cada categoria receber\u00e3o premia\u00e7\u00e3o em dinheiro. Para saber todos os detalhes da premia\u00e7\u00e3o, basta acessar o\u00a0<a href=\"https:\/\/cfa.org.br\/premio-cfa-guerreiro-ramos-edicao-2021\/\">site do Pr\u00eamio Guerreiro Ramos 2021<\/a>.<\/p>\n<p>Para fazer sua inscri\u00e7\u00e3o acesse (<a href=\"https:\/\/inscricao.cfa.org.br\/\">https:\/\/inscricao.cfa.org.br\/<\/a>)\u00a0<\/p>\n<p>\u00a0<\/p>\n<p>Ana Graciele Gon\u00e7alves<\/p>\n<p>Assessoria de Comunica\u00e7\u00e3o CFA<\/p>\n<button class=\"simplefavorite-button\" data-postid=\"64055\" data-siteid=\"1\" data-groupid=\"1\" data-favoritecount=\"0\" style=\"\">Favorite <i class=\"sf-icon-star-empty\"><\/i><\/button>","protected":false},"excerpt":{"rendered":"<p>As inscri\u00e7\u00f5es para o Pr\u00eamio CFA Guerreiro Ramos \u2013 edi\u00e7\u00e3o 2021 foram prorrogadas. Os interessados em participar da iniciativa ter\u00e3o at\u00e9 o dia 15 de outubro para se inscrever. A premia\u00e7\u00e3o tem como objetivo reconhecer formalmente profissionais e acad\u00eamicos da Administra\u00e7\u00e3o pelo m\u00e9rito alcan\u00e7ado em virtude do desenvolvimento de trabalhos que caracterizem pr\u00e1ticas inovadoras ou<a class=\"read-more\" href=\"https:\/\/crarn.org.br\/?p=64055\"> [&hellip;]<\/a><\/p>\n","protected":false},"author":26,"featured_media":64056,"comment_status":"closed","ping_status":"open","sticky":true,"template":"","format":"standard","meta":{"_price":"","_stock":"","_tribe_ticket_header":"","_tribe_default_ticket_provider":"","_tribe_ticket_capacity":"0","_ticket_start_date":"","_ticket_end_date":"","_tribe_ticket_show_description":"","_tribe_ticket_show_not_going":false,"_tribe_ticket_use_global_stock":"","_tribe_ticket_global_stock_level":"","_global_stock_mode":"","_global_stock_cap":"","_tribe_rsvp_for_event":"","_tribe_ticket_going_count":"","_tribe_ticket_not_going_count":"","_tribe_tickets_list":"[]","_tribe_ticket_has_attendee_info_fields":false,"footnotes":"","_links_to":"","_links_to_target":""},"categories":[547,426,310,320,309],"tags":[],"class_list":["post-64055","post","type-post","status-publish","format-standard","has-post-thumbnail","hentry","category-ano-2021","category-cfa","category-destaque-grande","category-home","category-ultimas-noticias","entry","has-media"],"_links":{"self":[{"href":"https:\/\/crarn.org.br\/index.php?rest_route=\/wp\/v2\/posts\/64055","targetHints":{"allow":["GET"]}}],"collection":[{"href":"https:\/\/crarn.org.br\/index.php?rest_route=\/wp\/v2\/posts"}],"about":[{"href":"https:\/\/crarn.org.br\/index.php?rest_route=\/wp\/v2\/types\/post"}],"author":[{"embeddable":true,"href":"https:\/\/crarn.org.br\/index.php?rest_route=\/wp\/v2\/users\/26"}],"replies":[{"embeddable":true,"href":"https:\/\/crarn.org.br\/index.php?rest_route=%2Fwp%2Fv2%2Fcomments&post=64055"}],"version-history":[{"count":1,"href":"https:\/\/crarn.org.br\/index.php?rest_route=\/wp\/v2\/posts\/64055\/revisions"}],"predecessor-version":[{"id":64057,"href":"https:\/\/crarn.org.br\/index.php?rest_route=\/wp\/v2\/posts\/64055\/revisions\/64057"}],"wp:featuredmedia":[{"embeddable":true,"href":"https:\/\/crarn.org.br\/index.php?rest_route=\/wp\/v2\/media\/64056"}],"wp:attachment":[{"href":"https:\/\/crarn.org.br\/index.php?rest_route=%2Fwp%2Fv2%2Fmedia&parent=64055"}],"wp:term":[{"taxonomy":"category","embeddable":true,"href":"https:\/\/crarn.org.br\/index.php?rest_route=%2Fwp%2Fv2%2Fcategories&post=64055"},{"taxonomy":"post_tag","embeddable":true,"href":"https:\/\/crarn.org.br\/index.php?rest_route=%2Fwp%2Fv2%2Ftags&post=64055"}],"curies":[{"name":"wp","href":"https:\/\/api.w.org\/{rel}","templated":true}]}}