{"id":64040,"date":"2021-10-07T13:08:29","date_gmt":"2021-10-07T16:08:29","guid":{"rendered":"https:\/\/crarn.org.br\/?p=64040"},"modified":"2021-10-07T13:08:32","modified_gmt":"2021-10-07T16:08:32","slug":"profissionais-de-adm-registrados-tem-acesso-a-inumeros-beneficios","status":"publish","type":"post","link":"https:\/\/crarn.org.br\/?p=64040","title":{"rendered":"Profissionais de ADM registrados t\u00eam acesso a in\u00fameros benef\u00edcios"},"content":{"rendered":"\n<p>O Conselho Federal de Administra\u00e7\u00e3o (CFA) lan\u00e7ou o Clube de Vantagens dos Profissionais de Administra\u00e7\u00e3o durante a Semana Tem\u00e1tica de Empreendedorismo. Nesta semana, ele foi apresentado para o plen\u00e1rio da autarquia durante as reuni\u00f5es plen\u00e1rias. Os conselheiros conheceram a proposta e o portal do Clube, que re\u00fane todas as informa\u00e7\u00f5es da iniciativa e a lista das empresas de produtos e servi\u00e7os que s\u00e3o parceiras do Sistema CFA\/CRAs.<\/p>\n<p>A iniciativa j\u00e1 tem parceiros de peso como a FIPECq Previd\u00eancia, a Poupex, a Student Travel Bureau (STB), a Challenge Interc\u00e2mbio, a Universidade Fernando Pessoa de Porto (Portugal), a Must University \u2013 Fl\u00f3rida (EUA) e o Odontogroup.<\/p>\n<p>\u201cO objetivo central do Clube de Vantagens \u00e9 oferecer aos profissionais registrados e em dia com seus compromissos junto aos CRAs a oportunidade de tratamento diferenciado e descontos especiais na aquisi\u00e7\u00e3o de produtos e servi\u00e7os\u201d, explicou o diretor de Rela\u00e7\u00f5es Internacionais e Eventos da autarquia, Gilmar Camargo.<\/p>\n<p>Novos parceiros<\/p>\n<p>Junto com o lan\u00e7amento do site, o Clube de Vantagens comemora a chegada de mais dois parceiros: a Associa\u00e7\u00e3o Nacional dos Profissionais de Rela\u00e7\u00f5es Internacionais (Anapri) e o Dias de Praia Residencial.<\/p>\n<p>A primeira \u00e9 voltada para \u00e1rea da educa\u00e7\u00e3o a fim de conjugar esfor\u00e7os com vista ao desenvolvimento de coopera\u00e7\u00e3o nos dom\u00ednios da forma\u00e7\u00e3o do ensino superior e da investiga\u00e7\u00e3o cient\u00edfica e t\u00e9cnica, designadamente atrav\u00e9s da organiza\u00e7\u00e3o de propostas conjuntas para a cria\u00e7\u00e3o de p\u00f3s-gradua\u00e7\u00e3o stricto sensu e latu sensu de natureza profissional.<\/p>\n<p>J\u00e1 aqueles profissionais de Administra\u00e7\u00e3o que v\u00e3o planejar as pr\u00f3ximas f\u00e9rias, a dica \u00e9 aproveitar Porto Seguro, na Bahia, hospedado no complexo Dias de Praia Residencial. A parceria concede 30% de desconto em cima da di\u00e1ria do apartamento. Os valores variam conforme per\u00edodo\/temporada ao longo do ano.<\/p>\n<p>Al\u00e9m disso, quem se hospedar no local ter\u00e1 outros benef\u00edcios como uma aula experimental de T\u00eanis no clube Top One Beach Tennis, 50% de desconto no aluguel dos equipamentos esportivos e 30% de desconto nas aulas individuais com o treinador de Beach Tennis Marco Viscardi.<\/p>\n<p>Para conferir essas e outras parcerias do Clube de Vantagens, acesse o site, <a href=\"https:\/\/admclubedevantagens.com.br\/\">clique aqui<\/a>.<\/p>\n<p>\u00a0<\/p>\n<p>Ana Graciele Gon\u00e7alves<\/p>\n<p>Assessoria de Comunica\u00e7\u00e3o CFA<\/p>\n<p>\u00a0<\/p>\n<button class=\"simplefavorite-button\" data-postid=\"64040\" data-siteid=\"1\" data-groupid=\"1\" data-favoritecount=\"0\" style=\"\">Favorite <i class=\"sf-icon-star-empty\"><\/i><\/button>","protected":false},"excerpt":{"rendered":"<p>O Conselho Federal de Administra\u00e7\u00e3o (CFA) lan\u00e7ou o Clube de Vantagens dos Profissionais de Administra\u00e7\u00e3o durante a Semana Tem\u00e1tica de Empreendedorismo. Nesta semana, ele foi apresentado para o plen\u00e1rio da autarquia durante as reuni\u00f5es plen\u00e1rias. Os conselheiros conheceram a proposta e o portal do Clube, que re\u00fane todas as informa\u00e7\u00f5es da iniciativa e a lista<a class=\"read-more\" href=\"https:\/\/crarn.org.br\/?p=64040\"> [&hellip;]<\/a><\/p>\n","protected":false},"author":26,"featured_media":64041,"comment_status":"closed","ping_status":"open","sticky":true,"template":"","format":"standard","meta":{"_price":"","_stock":"","_tribe_ticket_header":"","_tribe_default_ticket_provider":"","_tribe_ticket_capacity":"0","_ticket_start_date":"","_ticket_end_date":"","_tribe_ticket_show_description":"","_tribe_ticket_show_not_going":false,"_tribe_ticket_use_global_stock":"","_tribe_ticket_global_stock_level":"","_global_stock_mode":"","_global_stock_cap":"","_tribe_rsvp_for_event":"","_tribe_ticket_going_count":"","_tribe_ticket_not_going_count":"","_tribe_tickets_list":"[]","_tribe_ticket_has_attendee_info_fields":false,"footnotes":"","_links_to":"","_links_to_target":""},"categories":[547,426,310,320,399,309],"tags":[],"class_list":["post-64040","post","type-post","status-publish","format-standard","has-post-thumbnail","hentry","category-ano-2021","category-cfa","category-destaque-grande","category-home","category-institucional","category-ultimas-noticias","entry","has-media"],"_links":{"self":[{"href":"https:\/\/crarn.org.br\/index.php?rest_route=\/wp\/v2\/posts\/64040","targetHints":{"allow":["GET"]}}],"collection":[{"href":"https:\/\/crarn.org.br\/index.php?rest_route=\/wp\/v2\/posts"}],"about":[{"href":"https:\/\/crarn.org.br\/index.php?rest_route=\/wp\/v2\/types\/post"}],"author":[{"embeddable":true,"href":"https:\/\/crarn.org.br\/index.php?rest_route=\/wp\/v2\/users\/26"}],"replies":[{"embeddable":true,"href":"https:\/\/crarn.org.br\/index.php?rest_route=%2Fwp%2Fv2%2Fcomments&post=64040"}],"version-history":[{"count":2,"href":"https:\/\/crarn.org.br\/index.php?rest_route=\/wp\/v2\/posts\/64040\/revisions"}],"predecessor-version":[{"id":64043,"href":"https:\/\/crarn.org.br\/index.php?rest_route=\/wp\/v2\/posts\/64040\/revisions\/64043"}],"wp:featuredmedia":[{"embeddable":true,"href":"https:\/\/crarn.org.br\/index.php?rest_route=\/wp\/v2\/media\/64041"}],"wp:attachment":[{"href":"https:\/\/crarn.org.br\/index.php?rest_route=%2Fwp%2Fv2%2Fmedia&parent=64040"}],"wp:term":[{"taxonomy":"category","embeddable":true,"href":"https:\/\/crarn.org.br\/index.php?rest_route=%2Fwp%2Fv2%2Fcategories&post=64040"},{"taxonomy":"post_tag","embeddable":true,"href":"https:\/\/crarn.org.br\/index.php?rest_route=%2Fwp%2Fv2%2Ftags&post=64040"}],"curies":[{"name":"wp","href":"https:\/\/api.w.org\/{rel}","templated":true}]}}