{"id":64030,"date":"2021-10-01T13:26:04","date_gmt":"2021-10-01T16:26:04","guid":{"rendered":"https:\/\/crarn.org.br\/?p=64030"},"modified":"2021-10-01T16:44:54","modified_gmt":"2021-10-01T19:44:54","slug":"presidente-do-cra-rn-e-colaboradores-da-caern-discutem-a-nova-conjuntura","status":"publish","type":"post","link":"https:\/\/crarn.org.br\/?p=64030","title":{"rendered":"Presidente do CRA-RN e colaboradores da CAERN discutem a nova conjuntura"},"content":{"rendered":"\n<p>O presidente do CRA-RN, Fl\u00e1vio Em\u00edlio Cavalcanti, falou aos colaboradores da CAERN, nesta quarta-feira (29\/09).<\/p>\n<p>\u201cO mundo mudou. E voc\u00ea?\u201d, foi o tema da palestra que faz parte de uma parceria entre o regional e a companhia, visando, al\u00e9m de um fortalecimento das rela\u00e7\u00f5es institucionais, levar capacita\u00e7\u00e3o pessoal e t\u00e9cnica aos empregados da CAERN.<\/p>\n<p>O encontro, que marcou a abertura do Acordo de Coopera\u00e7\u00e3o t\u00e9cnica, aconteceu em formato h\u00edbrido, com a participa\u00e7\u00e3o total de cerca de 60 colaboradores de v\u00e1rias unidades e setores de Natal central, zona norte, zona sul, Macau, Pau dos Ferros, Mossor\u00f3, Guamar\u00e9, etc.<\/p>\n<p>Este acordo de coopera\u00e7\u00e3o consiste em encontros semanais onde o regional ministra palestras r\u00e1pidas sobre tem\u00e1ticas das \u00e1reas da administra\u00e7\u00e3o.<\/p>\n<p>Durante sua explana\u00e7\u00e3o, o presidente do CRA-RN falou sobre as transforma\u00e7\u00f5es por que passa o cen\u00e1rio mundial, o conceito de mundo VUCA e os fatores importantes para a constru\u00e7\u00e3o de novos neg\u00f3cios e, a mudan\u00e7a de cen\u00e1rio para o mundo BANI e seus impactos.<\/p>\n<p>Para os colaboradores, a iniciativa foi muito bem recebida, assim como a palestra de abertura teve uma \u00f3tima repercuss\u00e3o.<\/p>\n<p>De acordo com Rodrigo Barcelar, que atua como administrador na CAERN, foi um novo momento de desenvolvimento e valoriza\u00e7\u00e3o para os empregados, na medida em que a cada encontro, eles ter\u00e3o acesso a novos conhecimentos, sejam t\u00e9cnicos ou comportamentais. \u00a0\u201cEste tipo de iniciativa favorece a percep\u00e7\u00e3o de que h\u00e1 um clima de cuidado por parte da empresa para com seus empregados e a busca de uma melhoria cont\u00ednua de todos, o que resulta na obten\u00e7\u00e3o de melhores resultados nos processos de trabalho, bem como da qualidade de vida de todos\u201d, destacou.<\/p>\n\n\n<button class=\"simplefavorite-button\" data-postid=\"64030\" data-siteid=\"1\" data-groupid=\"1\" data-favoritecount=\"0\" style=\"\">Favorite <i class=\"sf-icon-star-empty\"><\/i><\/button>","protected":false},"excerpt":{"rendered":"<p>O presidente do CRA-RN, Fl\u00e1vio Em\u00edlio Cavalcanti, falou aos colaboradores da CAERN, nesta quarta-feira (29\/09). \u201cO mundo mudou. E voc\u00ea?\u201d, foi o tema da palestra que faz parte de uma parceria entre o regional e a companhia, visando, al\u00e9m de um fortalecimento das rela\u00e7\u00f5es institucionais, levar capacita\u00e7\u00e3o pessoal e t\u00e9cnica aos empregados da CAERN. O<a class=\"read-more\" href=\"https:\/\/crarn.org.br\/?p=64030\"> [&hellip;]<\/a><\/p>\n","protected":false},"author":26,"featured_media":64031,"comment_status":"closed","ping_status":"open","sticky":true,"template":"","format":"standard","meta":{"_price":"","_stock":"","_tribe_ticket_header":"","_tribe_default_ticket_provider":"","_tribe_ticket_capacity":"0","_ticket_start_date":"","_ticket_end_date":"","_tribe_ticket_show_description":"","_tribe_ticket_show_not_going":false,"_tribe_ticket_use_global_stock":"","_tribe_ticket_global_stock_level":"","_global_stock_mode":"","_global_stock_cap":"","_tribe_rsvp_for_event":"","_tribe_ticket_going_count":"","_tribe_ticket_not_going_count":"","_tribe_tickets_list":"[]","_tribe_ticket_has_attendee_info_fields":false,"footnotes":"","_links_to":"","_links_to_target":""},"categories":[547,310,320,399,309],"tags":[],"class_list":["post-64030","post","type-post","status-publish","format-standard","has-post-thumbnail","hentry","category-ano-2021","category-destaque-grande","category-home","category-institucional","category-ultimas-noticias","entry","has-media"],"_links":{"self":[{"href":"https:\/\/crarn.org.br\/index.php?rest_route=\/wp\/v2\/posts\/64030","targetHints":{"allow":["GET"]}}],"collection":[{"href":"https:\/\/crarn.org.br\/index.php?rest_route=\/wp\/v2\/posts"}],"about":[{"href":"https:\/\/crarn.org.br\/index.php?rest_route=\/wp\/v2\/types\/post"}],"author":[{"embeddable":true,"href":"https:\/\/crarn.org.br\/index.php?rest_route=\/wp\/v2\/users\/26"}],"replies":[{"embeddable":true,"href":"https:\/\/crarn.org.br\/index.php?rest_route=%2Fwp%2Fv2%2Fcomments&post=64030"}],"version-history":[{"count":1,"href":"https:\/\/crarn.org.br\/index.php?rest_route=\/wp\/v2\/posts\/64030\/revisions"}],"predecessor-version":[{"id":64032,"href":"https:\/\/crarn.org.br\/index.php?rest_route=\/wp\/v2\/posts\/64030\/revisions\/64032"}],"wp:featuredmedia":[{"embeddable":true,"href":"https:\/\/crarn.org.br\/index.php?rest_route=\/wp\/v2\/media\/64031"}],"wp:attachment":[{"href":"https:\/\/crarn.org.br\/index.php?rest_route=%2Fwp%2Fv2%2Fmedia&parent=64030"}],"wp:term":[{"taxonomy":"category","embeddable":true,"href":"https:\/\/crarn.org.br\/index.php?rest_route=%2Fwp%2Fv2%2Fcategories&post=64030"},{"taxonomy":"post_tag","embeddable":true,"href":"https:\/\/crarn.org.br\/index.php?rest_route=%2Fwp%2Fv2%2Ftags&post=64030"}],"curies":[{"name":"wp","href":"https:\/\/api.w.org\/{rel}","templated":true}]}}