{"id":64000,"date":"2021-09-22T17:12:53","date_gmt":"2021-09-22T20:12:53","guid":{"rendered":"https:\/\/crarn.org.br\/?p=64000"},"modified":"2021-10-08T15:39:28","modified_gmt":"2021-10-08T18:39:28","slug":"cra-rn-se-reune-com-representantes-do-corecon-rn","status":"publish","type":"post","link":"https:\/\/crarn.org.br\/?p=64000","title":{"rendered":"CRA-RN se re\u00fane com representantes do CORECON-RN"},"content":{"rendered":"\n<p>Representantes do CRA-RN e do Conselho Regional de Economia do RN-CORECON-RN, estiveram reunidos na manh\u00e3 desta quarta-feira (22\/09) para tratar assuntos de interesse das duas autarquias.<\/p>\n<p>As atividades desenvolvidas pelos profissionais das \u00e1reas de administra\u00e7\u00e3o e economia, apesar de muito pr\u00f3ximas, n\u00e3o se conflitam. Desta forma, os dois conselhos buscam que sejam observados os dispositivos legais de cada lei que regulamenta cada uma das duas profiss\u00f5es, de modo a haver uma a\u00e7\u00e3o conjunta que garanta o desenvolvimento das atividades, sem que os profissionais incorram em autua\u00e7\u00f5es.<\/p>\n<p>O CRA-RN foi representado pelo presidente, Fl\u00e1vio Em\u00edlio Cavalcanti e pela coordenadora de Fiscaliza\u00e7\u00e3o, Tatiana Costa Pinto. Pelo CORECON-RN participaram o presidente, Marcos Frederico Carreras Sim\u00f5es; o conselheiro efetivo, Henderson C\u00e9sar Fran\u00e7a de Oliveira; o respons\u00e1vel pela Fiscaliza\u00e7\u00e3o, Augusto de Oliveira Neto e o respons\u00e1vel pelo setor jur\u00eddico, Jonathan Santos Sousa, al\u00e9m da gestora de finan\u00e7as e fiscaliza\u00e7\u00e3o, Francisca Suerda Soares de Oliveira.<\/p>\n<button class=\"simplefavorite-button\" data-postid=\"64000\" data-siteid=\"1\" data-groupid=\"1\" data-favoritecount=\"0\" style=\"\">Favorite <i class=\"sf-icon-star-empty\"><\/i><\/button>","protected":false},"excerpt":{"rendered":"<p>Representantes do CRA-RN e do Conselho Regional de Economia do RN-CORECON-RN, estiveram reunidos na manh\u00e3 desta quarta-feira (22\/09) para tratar assuntos de interesse das duas autarquias. As atividades desenvolvidas pelos profissionais das \u00e1reas de administra\u00e7\u00e3o e economia, apesar de muito pr\u00f3ximas, n\u00e3o se conflitam. Desta forma, os dois conselhos buscam que sejam observados os dispositivos<a class=\"read-more\" href=\"https:\/\/crarn.org.br\/?p=64000\"> [&hellip;]<\/a><\/p>\n","protected":false},"author":26,"featured_media":64001,"comment_status":"closed","ping_status":"open","sticky":true,"template":"","format":"standard","meta":{"_price":"","_stock":"","_tribe_ticket_header":"","_tribe_default_ticket_provider":"","_tribe_ticket_capacity":"0","_ticket_start_date":"","_ticket_end_date":"","_tribe_ticket_show_description":"","_tribe_ticket_show_not_going":false,"_tribe_ticket_use_global_stock":"","_tribe_ticket_global_stock_level":"","_global_stock_mode":"","_global_stock_cap":"","_tribe_rsvp_for_event":"","_tribe_ticket_going_count":"","_tribe_ticket_not_going_count":"","_tribe_tickets_list":"[]","_tribe_ticket_has_attendee_info_fields":false,"footnotes":"","_links_to":"","_links_to_target":""},"categories":[547,320,399,309],"tags":[],"class_list":["post-64000","post","type-post","status-publish","format-standard","has-post-thumbnail","hentry","category-ano-2021","category-home","category-institucional","category-ultimas-noticias","entry","has-media"],"_links":{"self":[{"href":"https:\/\/crarn.org.br\/index.php?rest_route=\/wp\/v2\/posts\/64000","targetHints":{"allow":["GET"]}}],"collection":[{"href":"https:\/\/crarn.org.br\/index.php?rest_route=\/wp\/v2\/posts"}],"about":[{"href":"https:\/\/crarn.org.br\/index.php?rest_route=\/wp\/v2\/types\/post"}],"author":[{"embeddable":true,"href":"https:\/\/crarn.org.br\/index.php?rest_route=\/wp\/v2\/users\/26"}],"replies":[{"embeddable":true,"href":"https:\/\/crarn.org.br\/index.php?rest_route=%2Fwp%2Fv2%2Fcomments&post=64000"}],"version-history":[{"count":1,"href":"https:\/\/crarn.org.br\/index.php?rest_route=\/wp\/v2\/posts\/64000\/revisions"}],"predecessor-version":[{"id":64002,"href":"https:\/\/crarn.org.br\/index.php?rest_route=\/wp\/v2\/posts\/64000\/revisions\/64002"}],"wp:featuredmedia":[{"embeddable":true,"href":"https:\/\/crarn.org.br\/index.php?rest_route=\/wp\/v2\/media\/64001"}],"wp:attachment":[{"href":"https:\/\/crarn.org.br\/index.php?rest_route=%2Fwp%2Fv2%2Fmedia&parent=64000"}],"wp:term":[{"taxonomy":"category","embeddable":true,"href":"https:\/\/crarn.org.br\/index.php?rest_route=%2Fwp%2Fv2%2Fcategories&post=64000"},{"taxonomy":"post_tag","embeddable":true,"href":"https:\/\/crarn.org.br\/index.php?rest_route=%2Fwp%2Fv2%2Ftags&post=64000"}],"curies":[{"name":"wp","href":"https:\/\/api.w.org\/{rel}","templated":true}]}}