{"id":63989,"date":"2021-09-17T12:39:43","date_gmt":"2021-09-17T15:39:43","guid":{"rendered":"https:\/\/crarn.org.br\/?p=63989"},"modified":"2021-09-17T12:39:46","modified_gmt":"2021-09-17T15:39:46","slug":"fiscalizacao-de-industria-textil-gera-processos-por-exercicio-ilegal","status":"publish","type":"post","link":"https:\/\/crarn.org.br\/?p=63989","title":{"rendered":"Fiscaliza\u00e7\u00e3o de ind\u00fastria t\u00eaxtil gera processos por exerc\u00edcio ilegal"},"content":{"rendered":"\n<p>A equipe de Fiscaliza\u00e7\u00e3o do CRA-RN vem desenvolvendo a\u00e7\u00f5es na \u00e1rea da ind\u00fastria t\u00eaxtil, h\u00e1 cerca de dois anos. Esse \u00e9 um trabalho de rotina da equipe e tem como objetivo identificar a coniv\u00eancia das empregadoras quanto ao exerc\u00edcio ilegal da atividade, por parte de funcion\u00e1rios ocupantes de cargos privativos do administrador.<\/p>\n<p>Recentemente, em uma das empresas fiscalizadas, foi constatada a poss\u00edvel exist\u00eancia de 12 funcion\u00e1rios nesta situa\u00e7\u00e3o, devido \u00e0 falta de registro ou pela falta de forma\u00e7\u00e3o acad\u00eamica na \u00e1rea.<\/p>\n<p>Os processos ser\u00e3o individuais e analisados, um a um, para identifica\u00e7\u00e3o das atividades exercidas, sob a \u00f3tica da Lei N\u00ba 4769\/65, que regulamenta a profiss\u00e3o.<\/p>\n<p>Ap\u00f3s an\u00e1lise, se confirmado o exerc\u00edcio privativo do administrador, os empregados ser\u00e3o autuados por exerc\u00edcio ilegal. Os que tiverem a gradua\u00e7\u00e3o na \u00e1rea, ser\u00e3o notificados a se registrarem. Quanto aos que n\u00e3o possuem forma\u00e7\u00e3o acad\u00eamica para o exerc\u00edcio, o CRA-RN tomar\u00e1 as provid\u00eancias cab\u00edveis junto aos empregados e \u00e0 empresa, observando os dispositivos legais vigentes.<\/p>\n<p>Atualmente, existem 55 empregadoras de v\u00e1rios setores da economia em processo de fiscaliza\u00e7\u00e3o pelo CRA-RN.<\/p>\n<button class=\"simplefavorite-button\" data-postid=\"63989\" data-siteid=\"1\" data-groupid=\"1\" data-favoritecount=\"0\" style=\"\">Favorite <i class=\"sf-icon-star-empty\"><\/i><\/button>","protected":false},"excerpt":{"rendered":"<p>A equipe de Fiscaliza\u00e7\u00e3o do CRA-RN vem desenvolvendo a\u00e7\u00f5es na \u00e1rea da ind\u00fastria t\u00eaxtil, h\u00e1 cerca de dois anos. Esse \u00e9 um trabalho de rotina da equipe e tem como objetivo identificar a coniv\u00eancia das empregadoras quanto ao exerc\u00edcio ilegal da atividade, por parte de funcion\u00e1rios ocupantes de cargos privativos do administrador. Recentemente, em uma<a class=\"read-more\" href=\"https:\/\/crarn.org.br\/?p=63989\"> [&hellip;]<\/a><\/p>\n","protected":false},"author":26,"featured_media":63990,"comment_status":"closed","ping_status":"open","sticky":true,"template":"","format":"standard","meta":{"_price":"","_stock":"","_tribe_ticket_header":"","_tribe_default_ticket_provider":"","_tribe_ticket_capacity":"0","_ticket_start_date":"","_ticket_end_date":"","_tribe_ticket_show_description":"","_tribe_ticket_show_not_going":false,"_tribe_ticket_use_global_stock":"","_tribe_ticket_global_stock_level":"","_global_stock_mode":"","_global_stock_cap":"","_tribe_rsvp_for_event":"","_tribe_ticket_going_count":"","_tribe_ticket_not_going_count":"","_tribe_tickets_list":"[]","_tribe_ticket_has_attendee_info_fields":false,"footnotes":"","_links_to":"","_links_to_target":""},"categories":[547,310,399,309],"tags":[],"class_list":["post-63989","post","type-post","status-publish","format-standard","has-post-thumbnail","hentry","category-ano-2021","category-destaque-grande","category-institucional","category-ultimas-noticias","entry","has-media"],"_links":{"self":[{"href":"https:\/\/crarn.org.br\/index.php?rest_route=\/wp\/v2\/posts\/63989","targetHints":{"allow":["GET"]}}],"collection":[{"href":"https:\/\/crarn.org.br\/index.php?rest_route=\/wp\/v2\/posts"}],"about":[{"href":"https:\/\/crarn.org.br\/index.php?rest_route=\/wp\/v2\/types\/post"}],"author":[{"embeddable":true,"href":"https:\/\/crarn.org.br\/index.php?rest_route=\/wp\/v2\/users\/26"}],"replies":[{"embeddable":true,"href":"https:\/\/crarn.org.br\/index.php?rest_route=%2Fwp%2Fv2%2Fcomments&post=63989"}],"version-history":[{"count":1,"href":"https:\/\/crarn.org.br\/index.php?rest_route=\/wp\/v2\/posts\/63989\/revisions"}],"predecessor-version":[{"id":63991,"href":"https:\/\/crarn.org.br\/index.php?rest_route=\/wp\/v2\/posts\/63989\/revisions\/63991"}],"wp:featuredmedia":[{"embeddable":true,"href":"https:\/\/crarn.org.br\/index.php?rest_route=\/wp\/v2\/media\/63990"}],"wp:attachment":[{"href":"https:\/\/crarn.org.br\/index.php?rest_route=%2Fwp%2Fv2%2Fmedia&parent=63989"}],"wp:term":[{"taxonomy":"category","embeddable":true,"href":"https:\/\/crarn.org.br\/index.php?rest_route=%2Fwp%2Fv2%2Fcategories&post=63989"},{"taxonomy":"post_tag","embeddable":true,"href":"https:\/\/crarn.org.br\/index.php?rest_route=%2Fwp%2Fv2%2Ftags&post=63989"}],"curies":[{"name":"wp","href":"https:\/\/api.w.org\/{rel}","templated":true}]}}