{"id":63985,"date":"2021-09-17T11:27:09","date_gmt":"2021-09-17T14:27:09","guid":{"rendered":"https:\/\/crarn.org.br\/?p=63985"},"modified":"2021-09-17T11:27:12","modified_gmt":"2021-09-17T14:27:12","slug":"63985-2","status":"publish","type":"post","link":"https:\/\/crarn.org.br\/?p=63985","title":{"rendered":""},"content":{"rendered":"\n<p>Durante a homenagem da UFRN pelos 50 anos do curso de Administra\u00e7\u00e3o, a ex-presidente do CRA-RN, ex-conselheira federal e ex-professora da institui\u00e7\u00e3o, Ione Salem, foi uma das homenageadas, no ato\u00a0 solene, online.<\/p>\n\n\n\n<p>Graduada pela UFRN, al\u00e9m da homenagem, foi escolhida para representar todos os alunos que passaram pelo curso durante o meio s\u00e9culo de exist\u00eancia.<\/p>\n\n\n\n<p>Muito feliz e emocionada, Ione destacou a honra de ser escolhida para falar como ex-aluna e fez um paralelo da evolu\u00e7\u00e3o criativa e inovadora do curso. &nbsp;Com uma trajet\u00f3ria de vida profissional de 45 anos, onde incorporou e continua incorporando os ensinamentos adquiridos como inspira\u00e7\u00e3o em todos os espa\u00e7os em que atua, ressaltou, ainda, o papel de celeiro de profissionais de excel\u00eancia em gest\u00e3o da UFRN, com sua credibilidade incontest\u00e1vel, nas organiza\u00e7\u00f5es p\u00fablicas, privadas e do terceiro setor do estado.<\/p>\n\n\n\n<p>\u201cContinuemos a luta pela inser\u00e7\u00e3o do profissional de administra\u00e7\u00e3o no mundo do trabalho, n\u00e3o como reserva de mercado, mas por melhoria na nova gest\u00e3o p\u00fablica e na busca do desenvolvimento sustent\u00e1vel, incorporando modelos de gest\u00e3o mais centrados na inclus\u00e3o, no homem e na natureza, respeitando a diversidade\u201d, concluiu.<\/p>\n<button class=\"simplefavorite-button\" data-postid=\"63985\" data-siteid=\"1\" data-groupid=\"1\" data-favoritecount=\"0\" style=\"\">Favorite <i class=\"sf-icon-star-empty\"><\/i><\/button>","protected":false},"excerpt":{"rendered":"<p>Durante a homenagem da UFRN pelos 50 anos do curso de Administra\u00e7\u00e3o, a ex-presidente do CRA-RN, ex-conselheira federal e ex-professora da institui\u00e7\u00e3o, Ione Salem, foi uma das homenageadas, no ato\u00a0 solene, online. Graduada pela UFRN, al\u00e9m da homenagem, foi escolhida para representar todos os alunos que passaram pelo curso durante o meio s\u00e9culo de exist\u00eancia.<a class=\"read-more\" href=\"https:\/\/crarn.org.br\/?p=63985\"> [&hellip;]<\/a><\/p>\n","protected":false},"author":26,"featured_media":63986,"comment_status":"closed","ping_status":"open","sticky":true,"template":"","format":"standard","meta":{"_price":"","_stock":"","_tribe_ticket_header":"","_tribe_default_ticket_provider":"","_tribe_ticket_capacity":"0","_ticket_start_date":"","_ticket_end_date":"","_tribe_ticket_show_description":"","_tribe_ticket_show_not_going":false,"_tribe_ticket_use_global_stock":"","_tribe_ticket_global_stock_level":"","_global_stock_mode":"","_global_stock_cap":"","_tribe_rsvp_for_event":"","_tribe_ticket_going_count":"","_tribe_ticket_not_going_count":"","_tribe_tickets_list":"[]","_tribe_ticket_has_attendee_info_fields":false,"footnotes":"","_links_to":"","_links_to_target":""},"categories":[547,312,309],"tags":[],"class_list":["post-63985","post","type-post","status-publish","format-standard","has-post-thumbnail","hentry","category-ano-2021","category-destaque-pequeno-inferior","category-ultimas-noticias","entry","has-media"],"_links":{"self":[{"href":"https:\/\/crarn.org.br\/index.php?rest_route=\/wp\/v2\/posts\/63985","targetHints":{"allow":["GET"]}}],"collection":[{"href":"https:\/\/crarn.org.br\/index.php?rest_route=\/wp\/v2\/posts"}],"about":[{"href":"https:\/\/crarn.org.br\/index.php?rest_route=\/wp\/v2\/types\/post"}],"author":[{"embeddable":true,"href":"https:\/\/crarn.org.br\/index.php?rest_route=\/wp\/v2\/users\/26"}],"replies":[{"embeddable":true,"href":"https:\/\/crarn.org.br\/index.php?rest_route=%2Fwp%2Fv2%2Fcomments&post=63985"}],"version-history":[{"count":1,"href":"https:\/\/crarn.org.br\/index.php?rest_route=\/wp\/v2\/posts\/63985\/revisions"}],"predecessor-version":[{"id":63987,"href":"https:\/\/crarn.org.br\/index.php?rest_route=\/wp\/v2\/posts\/63985\/revisions\/63987"}],"wp:featuredmedia":[{"embeddable":true,"href":"https:\/\/crarn.org.br\/index.php?rest_route=\/wp\/v2\/media\/63986"}],"wp:attachment":[{"href":"https:\/\/crarn.org.br\/index.php?rest_route=%2Fwp%2Fv2%2Fmedia&parent=63985"}],"wp:term":[{"taxonomy":"category","embeddable":true,"href":"https:\/\/crarn.org.br\/index.php?rest_route=%2Fwp%2Fv2%2Fcategories&post=63985"},{"taxonomy":"post_tag","embeddable":true,"href":"https:\/\/crarn.org.br\/index.php?rest_route=%2Fwp%2Fv2%2Ftags&post=63985"}],"curies":[{"name":"wp","href":"https:\/\/api.w.org\/{rel}","templated":true}]}}