{"id":63953,"date":"2021-09-15T16:01:32","date_gmt":"2021-09-15T19:01:32","guid":{"rendered":"https:\/\/crarn.org.br\/?p=63953"},"modified":"2021-09-15T16:01:35","modified_gmt":"2021-09-15T19:01:35","slug":"camara-municipal-de-natal-homenageia-profissionais","status":"publish","type":"post","link":"https:\/\/crarn.org.br\/?p=63953","title":{"rendered":"C\u00e2mara Municipal de Natal homenageia profissionais"},"content":{"rendered":"\n<p>Nesta segunda-feira (13\/09), a C\u00e2mara Municipal de Natal, por proposi\u00e7\u00e3o do vereador Adm. T\u00e9rcio Tin\u00f4co, realizou Ato Solene em homenagem aos Profissionais de Administra\u00e7\u00e3o.<\/p>\n<p>Al\u00e9m do vereador, compuseram a mesa da solenidade, o presidente do CRA-RN, Fl\u00e1vio Em\u00edlio Cavalcanti, o presidente da Jucern, Carlos Augusto Maia e o Conselheiro Federal de Administra\u00e7\u00e3o pelo RN, J\u00falio Rezende.<\/p>\n<p>O vereador, T\u00e9rcio Tin\u00f4co, que \u00e9 administrador registrado no CRA-RN, abriu a solenidade, quando enalteceu o trabalho dos profissionais e a honra de poder proporcionar a homenagem, inclusive a professores, como o presidente do CRA-RN, Fl\u00e1vio Em\u00edlio Cavalcanti.<\/p>\n<p>Ap\u00f3s a abertura, Fl\u00e1vio Emilio, falou em nome dos homenageados, agradeceu ao vereador pela honraria, ao presidente da Jucern, por ter cedido o audit\u00f3rio para o evento e aos colegas presentes. Durante o discurso, lembrou a abrang\u00eancia da data, quando se comemora v\u00e1rios profissionais de Administra\u00e7\u00e3o e n\u00e3o apenas, o administrador de empresas, como se dizia anteriormente. Falou ainda, sobre a hist\u00f3ria do conselho e explicou a import\u00e2ncia do profissional ser registrado para que possa exercer a profiss\u00e3o legalmente. Encerrou, rendendo homenagens a todo o diverso grupo de profissionais, afirmando a emo\u00e7\u00e3o e gratid\u00e3o pelo momento e colocando o CRA-RN a disposi\u00e7\u00e3o de todos.<\/p>\n<p>Em seguida, foram entregues os diplomas aos homenageados: Fl\u00e1vio Em\u00edlio Monteiro Cavalcanti, Rodrigo Fortunato de Oliveira Alves, Kate Cunha Maciel, Ione Mac\u00eado de Medeiros Salem, Pablo Phorlan Pereira de Ara\u00fajo, Silvana Silva de Avelar e Joseleno Marques.<\/p>\n<p>O evento aconteceu no audit\u00f3rio da Junta Comercial do RN e contou com a presen\u00e7a de vereadores, homenageados e familiares.<\/p>\n<p>\u00a0<\/p>\n<div id='gallery-1' class='gallery galleryid-63953 gallery-columns-3 gallery-size-thumbnail'><figure class='gallery-item'>\n\t\t\t<div class='gallery-icon landscape'>\n\t\t\t\t<a href='https:\/\/crarn.org.br\/?attachment_id=63955'><img decoding=\"async\" width=\"150\" height=\"150\" src=\"https:\/\/crarn.org.br\/wp-content\/uploads\/2021\/09\/23-150x150.jpg\" class=\"attachment-thumbnail size-thumbnail\" alt=\"\" \/><\/a>\n\t\t\t<\/div><\/figure><figure class='gallery-item'>\n\t\t\t<div class='gallery-icon landscape'>\n\t\t\t\t<a href='https:\/\/crarn.org.br\/?attachment_id=63956'><img decoding=\"async\" width=\"150\" height=\"150\" src=\"https:\/\/crarn.org.br\/wp-content\/uploads\/2021\/09\/24-150x150.jpg\" class=\"attachment-thumbnail size-thumbnail\" alt=\"\" \/><\/a>\n\t\t\t<\/div><\/figure><figure class='gallery-item'>\n\t\t\t<div class='gallery-icon landscape'>\n\t\t\t\t<a href='https:\/\/crarn.org.br\/?attachment_id=63957'><img decoding=\"async\" width=\"150\" height=\"150\" src=\"https:\/\/crarn.org.br\/wp-content\/uploads\/2021\/09\/25-1-150x150.jpg\" class=\"attachment-thumbnail size-thumbnail\" alt=\"\" \/><\/a>\n\t\t\t<\/div><\/figure><figure class='gallery-item'>\n\t\t\t<div class='gallery-icon landscape'>\n\t\t\t\t<a href='https:\/\/crarn.org.br\/?attachment_id=63958'><img loading=\"lazy\" decoding=\"async\" width=\"150\" height=\"150\" src=\"https:\/\/crarn.org.br\/wp-content\/uploads\/2021\/09\/26-150x150.jpg\" class=\"attachment-thumbnail size-thumbnail\" alt=\"\" \/><\/a>\n\t\t\t<\/div><\/figure><figure class='gallery-item'>\n\t\t\t<div class='gallery-icon landscape'>\n\t\t\t\t<a href='https:\/\/crarn.org.br\/?attachment_id=63959'><img loading=\"lazy\" decoding=\"async\" width=\"150\" height=\"150\" src=\"https:\/\/crarn.org.br\/wp-content\/uploads\/2021\/09\/29-150x150.jpg\" class=\"attachment-thumbnail size-thumbnail\" alt=\"\" \/><\/a>\n\t\t\t<\/div><\/figure><figure class='gallery-item'>\n\t\t\t<div class='gallery-icon landscape'>\n\t\t\t\t<a href='https:\/\/crarn.org.br\/?attachment_id=63960'><img loading=\"lazy\" decoding=\"async\" width=\"150\" height=\"150\" src=\"https:\/\/crarn.org.br\/wp-content\/uploads\/2021\/09\/30-150x150.jpg\" class=\"attachment-thumbnail size-thumbnail\" alt=\"\" \/><\/a>\n\t\t\t<\/div><\/figure><figure class='gallery-item'>\n\t\t\t<div class='gallery-icon landscape'>\n\t\t\t\t<a href='https:\/\/crarn.org.br\/?attachment_id=63961'><img loading=\"lazy\" decoding=\"async\" width=\"150\" height=\"150\" src=\"https:\/\/crarn.org.br\/wp-content\/uploads\/2021\/09\/31-150x150.jpg\" class=\"attachment-thumbnail size-thumbnail\" alt=\"\" \/><\/a>\n\t\t\t<\/div><\/figure><figure class='gallery-item'>\n\t\t\t<div class='gallery-icon landscape'>\n\t\t\t\t<a href='https:\/\/crarn.org.br\/?attachment_id=63962'><img loading=\"lazy\" decoding=\"async\" width=\"150\" height=\"150\" src=\"https:\/\/crarn.org.br\/wp-content\/uploads\/2021\/09\/35-150x150.jpg\" class=\"attachment-thumbnail size-thumbnail\" alt=\"\" \/><\/a>\n\t\t\t<\/div><\/figure><figure class='gallery-item'>\n\t\t\t<div class='gallery-icon landscape'>\n\t\t\t\t<a href='https:\/\/crarn.org.br\/?attachment_id=63963'><img loading=\"lazy\" decoding=\"async\" width=\"150\" height=\"150\" src=\"https:\/\/crarn.org.br\/wp-content\/uploads\/2021\/09\/37-150x150.jpg\" class=\"attachment-thumbnail size-thumbnail\" alt=\"\" \/><\/a>\n\t\t\t<\/div><\/figure><figure class='gallery-item'>\n\t\t\t<div class='gallery-icon landscape'>\n\t\t\t\t<a href='https:\/\/crarn.org.br\/?attachment_id=63964'><img loading=\"lazy\" decoding=\"async\" width=\"150\" height=\"150\" src=\"https:\/\/crarn.org.br\/wp-content\/uploads\/2021\/09\/41-150x150.jpg\" class=\"attachment-thumbnail size-thumbnail\" alt=\"\" \/><\/a>\n\t\t\t<\/div><\/figure><figure class='gallery-item'>\n\t\t\t<div class='gallery-icon landscape'>\n\t\t\t\t<a href='https:\/\/crarn.org.br\/?attachment_id=63965'><img loading=\"lazy\" decoding=\"async\" width=\"150\" height=\"150\" src=\"https:\/\/crarn.org.br\/wp-content\/uploads\/2021\/09\/46-150x150.jpg\" class=\"attachment-thumbnail size-thumbnail\" alt=\"\" \/><\/a>\n\t\t\t<\/div><\/figure>\n\t\t<\/div>\n\n<button class=\"simplefavorite-button\" data-postid=\"63953\" data-siteid=\"1\" data-groupid=\"1\" data-favoritecount=\"0\" style=\"\">Favorite <i class=\"sf-icon-star-empty\"><\/i><\/button>","protected":false},"excerpt":{"rendered":"<p>Nesta segunda-feira (13\/09), a C\u00e2mara Municipal de Natal, por proposi\u00e7\u00e3o do vereador Adm. T\u00e9rcio Tin\u00f4co, realizou Ato Solene em homenagem aos Profissionais de Administra\u00e7\u00e3o. Al\u00e9m do vereador, compuseram a mesa da solenidade, o presidente do CRA-RN, Fl\u00e1vio Em\u00edlio Cavalcanti, o presidente da Jucern, Carlos Augusto Maia e o Conselheiro Federal de Administra\u00e7\u00e3o pelo RN, J\u00falio<a class=\"read-more\" href=\"https:\/\/crarn.org.br\/?p=63953\"> [&hellip;]<\/a><\/p>\n","protected":false},"author":26,"featured_media":63954,"comment_status":"closed","ping_status":"open","sticky":true,"template":"","format":"standard","meta":{"_price":"","_stock":"","_tribe_ticket_header":"","_tribe_default_ticket_provider":"","_tribe_ticket_capacity":"0","_ticket_start_date":"","_ticket_end_date":"","_tribe_ticket_show_description":"","_tribe_ticket_show_not_going":false,"_tribe_ticket_use_global_stock":"","_tribe_ticket_global_stock_level":"","_global_stock_mode":"","_global_stock_cap":"","_tribe_rsvp_for_event":"","_tribe_ticket_going_count":"","_tribe_ticket_not_going_count":"","_tribe_tickets_list":"[]","_tribe_ticket_has_attendee_info_fields":false,"footnotes":"","_links_to":"","_links_to_target":""},"categories":[547,310,320,399,309],"tags":[],"class_list":["post-63953","post","type-post","status-publish","format-standard","has-post-thumbnail","hentry","category-ano-2021","category-destaque-grande","category-home","category-institucional","category-ultimas-noticias","entry","has-media"],"_links":{"self":[{"href":"https:\/\/crarn.org.br\/index.php?rest_route=\/wp\/v2\/posts\/63953","targetHints":{"allow":["GET"]}}],"collection":[{"href":"https:\/\/crarn.org.br\/index.php?rest_route=\/wp\/v2\/posts"}],"about":[{"href":"https:\/\/crarn.org.br\/index.php?rest_route=\/wp\/v2\/types\/post"}],"author":[{"embeddable":true,"href":"https:\/\/crarn.org.br\/index.php?rest_route=\/wp\/v2\/users\/26"}],"replies":[{"embeddable":true,"href":"https:\/\/crarn.org.br\/index.php?rest_route=%2Fwp%2Fv2%2Fcomments&post=63953"}],"version-history":[{"count":1,"href":"https:\/\/crarn.org.br\/index.php?rest_route=\/wp\/v2\/posts\/63953\/revisions"}],"predecessor-version":[{"id":63966,"href":"https:\/\/crarn.org.br\/index.php?rest_route=\/wp\/v2\/posts\/63953\/revisions\/63966"}],"wp:featuredmedia":[{"embeddable":true,"href":"https:\/\/crarn.org.br\/index.php?rest_route=\/wp\/v2\/media\/63954"}],"wp:attachment":[{"href":"https:\/\/crarn.org.br\/index.php?rest_route=%2Fwp%2Fv2%2Fmedia&parent=63953"}],"wp:term":[{"taxonomy":"category","embeddable":true,"href":"https:\/\/crarn.org.br\/index.php?rest_route=%2Fwp%2Fv2%2Fcategories&post=63953"},{"taxonomy":"post_tag","embeddable":true,"href":"https:\/\/crarn.org.br\/index.php?rest_route=%2Fwp%2Fv2%2Ftags&post=63953"}],"curies":[{"name":"wp","href":"https:\/\/api.w.org\/{rel}","templated":true}]}}