{"id":63950,"date":"2021-09-15T14:51:34","date_gmt":"2021-09-15T17:51:34","guid":{"rendered":"https:\/\/crarn.org.br\/?p=63950"},"modified":"2021-09-15T14:51:36","modified_gmt":"2021-09-15T17:51:36","slug":"cra-rn-comemora-profissionais-de-mossoro","status":"publish","type":"post","link":"https:\/\/crarn.org.br\/?p=63950","title":{"rendered":"CRA-RN comemora profissionais de Mossor\u00f3"},"content":{"rendered":"\n<p>Na \u00faltima sexta-feira (10\/09), o CRA-RN realizou um evento comemorativo pela passagem do Dia do Profissional de Administra\u00e7\u00e3o, na cidade de Mossor\u00f3.<\/p>\n<p>O evento contou com a presen\u00e7a do presidente do CRA-RN, Fl\u00e1vio Em\u00edlio Cavalcanti, do vice-presidente, Rodrigo Fortunato, da diretora de Forma\u00e7\u00e3o Profissional, Isabella Mendon\u00e7a e da delegada da seccional, M\u00e9rcia Barreto, al\u00e9m de alguns profissionais convidados.<\/p>\n<p>Durante a comemora\u00e7\u00e3o, a delegada M\u00e9rcia Barreto foi homenageada como profissional destaque.<\/p>\n<p>Na segunda-feira (13\/09), a C\u00e2mara Municipal de Natal, atrav\u00e9s do vereador T\u00e9rcio Tin\u00f4co, realizou um Ato Solene em homenagem aos Profissionais de Administra\u00e7\u00e3o. A cerim\u00f4nia aconteceu no audit\u00f3rio da Jucern.<\/p>\n<button class=\"simplefavorite-button\" data-postid=\"63950\" data-siteid=\"1\" data-groupid=\"1\" data-favoritecount=\"0\" style=\"\">Favorite <i class=\"sf-icon-star-empty\"><\/i><\/button>","protected":false},"excerpt":{"rendered":"<p>Na \u00faltima sexta-feira (10\/09), o CRA-RN realizou um evento comemorativo pela passagem do Dia do Profissional de Administra\u00e7\u00e3o, na cidade de Mossor\u00f3. O evento contou com a presen\u00e7a do presidente do CRA-RN, Fl\u00e1vio Em\u00edlio Cavalcanti, do vice-presidente, Rodrigo Fortunato, da diretora de Forma\u00e7\u00e3o Profissional, Isabella Mendon\u00e7a e da delegada da seccional, M\u00e9rcia Barreto, al\u00e9m de<a class=\"read-more\" href=\"https:\/\/crarn.org.br\/?p=63950\"> [&hellip;]<\/a><\/p>\n","protected":false},"author":26,"featured_media":63951,"comment_status":"closed","ping_status":"open","sticky":true,"template":"","format":"standard","meta":{"_price":"","_stock":"","_tribe_ticket_header":"","_tribe_default_ticket_provider":"","_tribe_ticket_capacity":"0","_ticket_start_date":"","_ticket_end_date":"","_tribe_ticket_show_description":"","_tribe_ticket_show_not_going":false,"_tribe_ticket_use_global_stock":"","_tribe_ticket_global_stock_level":"","_global_stock_mode":"","_global_stock_cap":"","_tribe_rsvp_for_event":"","_tribe_ticket_going_count":"","_tribe_ticket_not_going_count":"","_tribe_tickets_list":"[]","_tribe_ticket_has_attendee_info_fields":false,"footnotes":"","_links_to":"","_links_to_target":""},"categories":[547,311,320,399,309],"tags":[],"class_list":["post-63950","post","type-post","status-publish","format-standard","has-post-thumbnail","hentry","category-ano-2021","category-destaque-pequeno-superior","category-home","category-institucional","category-ultimas-noticias","entry","has-media"],"_links":{"self":[{"href":"https:\/\/crarn.org.br\/index.php?rest_route=\/wp\/v2\/posts\/63950","targetHints":{"allow":["GET"]}}],"collection":[{"href":"https:\/\/crarn.org.br\/index.php?rest_route=\/wp\/v2\/posts"}],"about":[{"href":"https:\/\/crarn.org.br\/index.php?rest_route=\/wp\/v2\/types\/post"}],"author":[{"embeddable":true,"href":"https:\/\/crarn.org.br\/index.php?rest_route=\/wp\/v2\/users\/26"}],"replies":[{"embeddable":true,"href":"https:\/\/crarn.org.br\/index.php?rest_route=%2Fwp%2Fv2%2Fcomments&post=63950"}],"version-history":[{"count":1,"href":"https:\/\/crarn.org.br\/index.php?rest_route=\/wp\/v2\/posts\/63950\/revisions"}],"predecessor-version":[{"id":63952,"href":"https:\/\/crarn.org.br\/index.php?rest_route=\/wp\/v2\/posts\/63950\/revisions\/63952"}],"wp:featuredmedia":[{"embeddable":true,"href":"https:\/\/crarn.org.br\/index.php?rest_route=\/wp\/v2\/media\/63951"}],"wp:attachment":[{"href":"https:\/\/crarn.org.br\/index.php?rest_route=%2Fwp%2Fv2%2Fmedia&parent=63950"}],"wp:term":[{"taxonomy":"category","embeddable":true,"href":"https:\/\/crarn.org.br\/index.php?rest_route=%2Fwp%2Fv2%2Fcategories&post=63950"},{"taxonomy":"post_tag","embeddable":true,"href":"https:\/\/crarn.org.br\/index.php?rest_route=%2Fwp%2Fv2%2Ftags&post=63950"}],"curies":[{"name":"wp","href":"https:\/\/api.w.org\/{rel}","templated":true}]}}