{"id":63927,"date":"2021-09-10T16:15:05","date_gmt":"2021-09-10T19:15:05","guid":{"rendered":"https:\/\/crarn.org.br\/?p=63927"},"modified":"2021-09-10T16:18:39","modified_gmt":"2021-09-10T19:18:39","slug":"cra-rn-rn-homenageia-profissionais-de-administracao","status":"publish","type":"post","link":"https:\/\/crarn.org.br\/?p=63927","title":{"rendered":"CRA-RN-RN homenageia Profissionais de Administra\u00e7\u00e3o"},"content":{"rendered":"\n<p>Nesta quinta-feira (09\/09), Dia do Profissional de Administra\u00e7\u00e3o, o CRA-RN promoveu uma noite especial em homenagem a estes profissionais, que s\u00e3o a raz\u00e3o da exist\u00eancia e de todo o trabalho do Sistema CFA\/CRAs.<\/p>\n<p>A programa\u00e7\u00e3o foi aberta pela diretora de Forma\u00e7\u00e3o Profissional, Isabella Mendon\u00e7a, que atuou como mestre de cerim\u00f4nias.<\/p>\n<p>O presidente do CRA-RN, Fl\u00e1vio Em\u00edlio Cavalcanti, fez a sauda\u00e7\u00e3o aos presentes, quando destacou a import\u00e2ncia do momento e a responsabilidade em falar para uma plateia t\u00e3o especial.<\/p>\n<p>Em sua fala, o presidente mencionou as v\u00e1rias \u00e1reas de atua\u00e7\u00e3o da Administra\u00e7\u00e3o, a hist\u00f3ria da profiss\u00e3o e do Conselho. Ao se referir \u00e0 presen\u00e7a de algumas pessoas que foram refer\u00eancia para a sua forma\u00e7\u00e3o, lembrou a figura de seu pai, que em muito contribuiu para que ele chegasse a este desafio de presidir o conselho.<\/p>\n<p>O presidente fez uma apresenta\u00e7\u00e3o, onde mostrou os resultados do CRA-RN, as metas e os projetos a serem implementados em sua gest\u00e3o. Ao encerrar, pediu apoio n\u00e3o s\u00f3 dos presentes, mas de todos os profissionais registrados. \u201cQuando a gente fala de apoio, n\u00e3o est\u00e1 pedindo aplauso, est\u00e1 pedindo participa\u00e7\u00e3o. Participa\u00e7\u00e3o pode ser, criticando, sugerindo, colaborando construtivamente. A gente recebe com serenidade as contribui\u00e7\u00f5es dos colegas e retribui com trabalho. Esse \u00e9 o desafio do CRA-RN\u201d, finalizou.&nbsp;&nbsp;&nbsp;&nbsp;&nbsp;&nbsp;&nbsp;&nbsp;&nbsp;&nbsp;&nbsp;&nbsp;&nbsp; <\/p>\n<p>Dando prosseguimento, a Administradora Katarina Alc\u00e2ntara apresentou as a\u00e7\u00f5es da Comiss\u00e3o ADM Mulher do CRA-RN e fez o lan\u00e7amento do Projeto Vitrine, seguida pelo Administrador Daniel Fonseca que apresentou o projeto do CRA Jovem, que tem como objetivo acolher jovens estudantes e rec\u00e9m formados.<\/p>\n<p>A seguir, o Adm, Marcelo Henrique fez uma interessante palestra sobre \u201cNovos paradigmas para a gest\u00e3o do s\u00e9culo XXI\u201d e promoveu o lan\u00e7amento do seu livro \u201cNeuromarketing \u2013 23 estrat\u00e9gias pr\u00e1ticas para micro e pequenas empresas\u201d.<\/p>\n<p>Encerrada a palestra, o vice-presidente do CRA-RN, Rodrigo Fortunato, fez sua sauda\u00e7\u00e3o aos presentes e deu in\u00edcio \u00e0 chamada dos profissionais que foram destaque, para receber as medalhas.<\/p>\n<p>Nesta noite de celebra\u00e7\u00e3o, foram homenageados os profissionais, Daniel Fonseca do Nascimento, Fl\u00e1vio Em\u00edlio Monteiro Cavalcanti, Ione Mac\u00eado de Medeiros Salem, Katarina Karla Batista Alc\u00e2ntara, Kate Cunha Maciel, Marcelo Henrique Neves Pereira, Nataly In\u00eas Fernandes dos Santos, Rodrigo Fortunato de Oliveira Alves, Sandro Calafange de Magalh\u00e3es Pacheco, Schiavo Durval Fernandes \u00c1lvares, Simone Silva Rom\u00e3o Cir\u00edaco e Zen\u00f3bio Pereira.<\/p>\n<p>Ap\u00f3s o final das homenagens, houve um momento de confraterniza\u00e7\u00e3o entre os presentes.<\/p>\n<p>&nbsp;<\/p>\n<div id='gallery-1' class='gallery galleryid-63927 gallery-columns-3 gallery-size-medium'><figure class='gallery-item'>\n\t\t\t<div class='gallery-icon landscape'>\n\t\t\t\t<a href='https:\/\/crarn.org.br\/?attachment_id=63941'><img fetchpriority=\"high\" decoding=\"async\" width=\"300\" height=\"199\" src=\"https:\/\/crarn.org.br\/wp-content\/uploads\/2021\/09\/64-300x199.jpg\" class=\"attachment-medium size-medium\" alt=\"\" srcset=\"https:\/\/crarn.org.br\/wp-content\/uploads\/2021\/09\/64-300x199.jpg 300w, https:\/\/crarn.org.br\/wp-content\/uploads\/2021\/09\/64-1024x681.jpg 1024w, https:\/\/crarn.org.br\/wp-content\/uploads\/2021\/09\/64-768x511.jpg 768w, https:\/\/crarn.org.br\/wp-content\/uploads\/2021\/09\/64-1536x1021.jpg 1536w, https:\/\/crarn.org.br\/wp-content\/uploads\/2021\/09\/64-2048x1362.jpg 2048w\" sizes=\"(max-width: 300px) 100vw, 300px\" \/><\/a>\n\t\t\t<\/div><\/figure><figure class='gallery-item'>\n\t\t\t<div class='gallery-icon landscape'>\n\t\t\t\t<a href='https:\/\/crarn.org.br\/?attachment_id=63929'><img decoding=\"async\" width=\"300\" height=\"199\" src=\"https:\/\/crarn.org.br\/wp-content\/uploads\/2021\/09\/25-300x199.jpg\" class=\"attachment-medium size-medium\" alt=\"\" srcset=\"https:\/\/crarn.org.br\/wp-content\/uploads\/2021\/09\/25-300x199.jpg 300w, https:\/\/crarn.org.br\/wp-content\/uploads\/2021\/09\/25-1024x680.jpg 1024w, https:\/\/crarn.org.br\/wp-content\/uploads\/2021\/09\/25-768x510.jpg 768w, https:\/\/crarn.org.br\/wp-content\/uploads\/2021\/09\/25-1536x1020.jpg 1536w, https:\/\/crarn.org.br\/wp-content\/uploads\/2021\/09\/25-2048x1360.jpg 2048w\" sizes=\"(max-width: 300px) 100vw, 300px\" \/><\/a>\n\t\t\t<\/div><\/figure><figure class='gallery-item'>\n\t\t\t<div class='gallery-icon landscape'>\n\t\t\t\t<a href='https:\/\/crarn.org.br\/?attachment_id=63939'><img decoding=\"async\" width=\"300\" height=\"199\" src=\"https:\/\/crarn.org.br\/wp-content\/uploads\/2021\/09\/61-300x199.jpg\" class=\"attachment-medium size-medium\" alt=\"\" srcset=\"https:\/\/crarn.org.br\/wp-content\/uploads\/2021\/09\/61-300x199.jpg 300w, https:\/\/crarn.org.br\/wp-content\/uploads\/2021\/09\/61-1024x681.jpg 1024w, https:\/\/crarn.org.br\/wp-content\/uploads\/2021\/09\/61-768x511.jpg 768w, https:\/\/crarn.org.br\/wp-content\/uploads\/2021\/09\/61-1536x1021.jpg 1536w, https:\/\/crarn.org.br\/wp-content\/uploads\/2021\/09\/61-2048x1362.jpg 2048w\" sizes=\"(max-width: 300px) 100vw, 300px\" \/><\/a>\n\t\t\t<\/div><\/figure><figure class='gallery-item'>\n\t\t\t<div class='gallery-icon landscape'>\n\t\t\t\t<a href='https:\/\/crarn.org.br\/?attachment_id=63940'><img loading=\"lazy\" decoding=\"async\" width=\"300\" height=\"199\" src=\"https:\/\/crarn.org.br\/wp-content\/uploads\/2021\/09\/62-300x199.jpg\" class=\"attachment-medium size-medium\" alt=\"\" srcset=\"https:\/\/crarn.org.br\/wp-content\/uploads\/2021\/09\/62-300x199.jpg 300w, https:\/\/crarn.org.br\/wp-content\/uploads\/2021\/09\/62-1024x681.jpg 1024w, https:\/\/crarn.org.br\/wp-content\/uploads\/2021\/09\/62-768x511.jpg 768w, https:\/\/crarn.org.br\/wp-content\/uploads\/2021\/09\/62-1536x1021.jpg 1536w, https:\/\/crarn.org.br\/wp-content\/uploads\/2021\/09\/62-2048x1362.jpg 2048w\" sizes=\"(max-width: 300px) 100vw, 300px\" \/><\/a>\n\t\t\t<\/div><\/figure><figure class='gallery-item'>\n\t\t\t<div class='gallery-icon landscape'>\n\t\t\t\t<a href='https:\/\/crarn.org.br\/?attachment_id=63938'><img loading=\"lazy\" decoding=\"async\" width=\"300\" height=\"199\" src=\"https:\/\/crarn.org.br\/wp-content\/uploads\/2021\/09\/59-300x199.jpg\" class=\"attachment-medium size-medium\" alt=\"\" srcset=\"https:\/\/crarn.org.br\/wp-content\/uploads\/2021\/09\/59-300x199.jpg 300w, https:\/\/crarn.org.br\/wp-content\/uploads\/2021\/09\/59-1024x681.jpg 1024w, https:\/\/crarn.org.br\/wp-content\/uploads\/2021\/09\/59-768x511.jpg 768w, https:\/\/crarn.org.br\/wp-content\/uploads\/2021\/09\/59-1536x1021.jpg 1536w, https:\/\/crarn.org.br\/wp-content\/uploads\/2021\/09\/59-2048x1362.jpg 2048w\" sizes=\"(max-width: 300px) 100vw, 300px\" \/><\/a>\n\t\t\t<\/div><\/figure><figure class='gallery-item'>\n\t\t\t<div class='gallery-icon landscape'>\n\t\t\t\t<a href='https:\/\/crarn.org.br\/?attachment_id=63937'><img loading=\"lazy\" decoding=\"async\" width=\"300\" height=\"199\" src=\"https:\/\/crarn.org.br\/wp-content\/uploads\/2021\/09\/58-300x199.jpg\" class=\"attachment-medium size-medium\" alt=\"\" srcset=\"https:\/\/crarn.org.br\/wp-content\/uploads\/2021\/09\/58-300x199.jpg 300w, https:\/\/crarn.org.br\/wp-content\/uploads\/2021\/09\/58-1024x681.jpg 1024w, https:\/\/crarn.org.br\/wp-content\/uploads\/2021\/09\/58-768x511.jpg 768w, https:\/\/crarn.org.br\/wp-content\/uploads\/2021\/09\/58-1536x1021.jpg 1536w, https:\/\/crarn.org.br\/wp-content\/uploads\/2021\/09\/58-2048x1362.jpg 2048w\" sizes=\"(max-width: 300px) 100vw, 300px\" \/><\/a>\n\t\t\t<\/div><\/figure><figure class='gallery-item'>\n\t\t\t<div class='gallery-icon landscape'>\n\t\t\t\t<a href='https:\/\/crarn.org.br\/?attachment_id=63936'><img loading=\"lazy\" decoding=\"async\" width=\"300\" height=\"199\" src=\"https:\/\/crarn.org.br\/wp-content\/uploads\/2021\/09\/57-300x199.jpg\" class=\"attachment-medium size-medium\" alt=\"\" srcset=\"https:\/\/crarn.org.br\/wp-content\/uploads\/2021\/09\/57-300x199.jpg 300w, https:\/\/crarn.org.br\/wp-content\/uploads\/2021\/09\/57-1024x681.jpg 1024w, https:\/\/crarn.org.br\/wp-content\/uploads\/2021\/09\/57-768x511.jpg 768w, https:\/\/crarn.org.br\/wp-content\/uploads\/2021\/09\/57-1536x1021.jpg 1536w, https:\/\/crarn.org.br\/wp-content\/uploads\/2021\/09\/57-2048x1362.jpg 2048w\" sizes=\"(max-width: 300px) 100vw, 300px\" \/><\/a>\n\t\t\t<\/div><\/figure><figure class='gallery-item'>\n\t\t\t<div class='gallery-icon landscape'>\n\t\t\t\t<a href='https:\/\/crarn.org.br\/?attachment_id=63935'><img loading=\"lazy\" decoding=\"async\" width=\"300\" height=\"199\" src=\"https:\/\/crarn.org.br\/wp-content\/uploads\/2021\/09\/56-300x199.jpg\" class=\"attachment-medium size-medium\" alt=\"\" srcset=\"https:\/\/crarn.org.br\/wp-content\/uploads\/2021\/09\/56-300x199.jpg 300w, https:\/\/crarn.org.br\/wp-content\/uploads\/2021\/09\/56-1024x681.jpg 1024w, https:\/\/crarn.org.br\/wp-content\/uploads\/2021\/09\/56-768x511.jpg 768w, https:\/\/crarn.org.br\/wp-content\/uploads\/2021\/09\/56-1536x1021.jpg 1536w, https:\/\/crarn.org.br\/wp-content\/uploads\/2021\/09\/56-2048x1362.jpg 2048w\" sizes=\"(max-width: 300px) 100vw, 300px\" \/><\/a>\n\t\t\t<\/div><\/figure><figure class='gallery-item'>\n\t\t\t<div class='gallery-icon landscape'>\n\t\t\t\t<a href='https:\/\/crarn.org.br\/?attachment_id=63934'><img loading=\"lazy\" decoding=\"async\" width=\"300\" height=\"199\" src=\"https:\/\/crarn.org.br\/wp-content\/uploads\/2021\/09\/55-300x199.jpg\" class=\"attachment-medium size-medium\" alt=\"\" srcset=\"https:\/\/crarn.org.br\/wp-content\/uploads\/2021\/09\/55-300x199.jpg 300w, https:\/\/crarn.org.br\/wp-content\/uploads\/2021\/09\/55-1024x681.jpg 1024w, https:\/\/crarn.org.br\/wp-content\/uploads\/2021\/09\/55-768x511.jpg 768w, https:\/\/crarn.org.br\/wp-content\/uploads\/2021\/09\/55-1536x1021.jpg 1536w, https:\/\/crarn.org.br\/wp-content\/uploads\/2021\/09\/55-2048x1362.jpg 2048w\" sizes=\"(max-width: 300px) 100vw, 300px\" \/><\/a>\n\t\t\t<\/div><\/figure><figure class='gallery-item'>\n\t\t\t<div class='gallery-icon landscape'>\n\t\t\t\t<a href='https:\/\/crarn.org.br\/?attachment_id=63933'><img loading=\"lazy\" decoding=\"async\" width=\"300\" height=\"200\" src=\"https:\/\/crarn.org.br\/wp-content\/uploads\/2021\/09\/54-300x200.jpg\" class=\"attachment-medium size-medium\" alt=\"\" srcset=\"https:\/\/crarn.org.br\/wp-content\/uploads\/2021\/09\/54-300x200.jpg 300w, https:\/\/crarn.org.br\/wp-content\/uploads\/2021\/09\/54-1024x681.jpg 1024w, https:\/\/crarn.org.br\/wp-content\/uploads\/2021\/09\/54-768x511.jpg 768w, https:\/\/crarn.org.br\/wp-content\/uploads\/2021\/09\/54-1536x1021.jpg 1536w, https:\/\/crarn.org.br\/wp-content\/uploads\/2021\/09\/54-2048x1362.jpg 2048w\" sizes=\"(max-width: 300px) 100vw, 300px\" \/><\/a>\n\t\t\t<\/div><\/figure><figure class='gallery-item'>\n\t\t\t<div class='gallery-icon landscape'>\n\t\t\t\t<a href='https:\/\/crarn.org.br\/?attachment_id=63932'><img loading=\"lazy\" decoding=\"async\" width=\"300\" height=\"199\" src=\"https:\/\/crarn.org.br\/wp-content\/uploads\/2021\/09\/52-300x199.jpg\" class=\"attachment-medium size-medium\" alt=\"\" srcset=\"https:\/\/crarn.org.br\/wp-content\/uploads\/2021\/09\/52-300x199.jpg 300w, https:\/\/crarn.org.br\/wp-content\/uploads\/2021\/09\/52-1024x681.jpg 1024w, https:\/\/crarn.org.br\/wp-content\/uploads\/2021\/09\/52-768x511.jpg 768w, https:\/\/crarn.org.br\/wp-content\/uploads\/2021\/09\/52-1536x1021.jpg 1536w, https:\/\/crarn.org.br\/wp-content\/uploads\/2021\/09\/52-2048x1362.jpg 2048w\" sizes=\"(max-width: 300px) 100vw, 300px\" \/><\/a>\n\t\t\t<\/div><\/figure><figure class='gallery-item'>\n\t\t\t<div class='gallery-icon landscape'>\n\t\t\t\t<a href='https:\/\/crarn.org.br\/?attachment_id=63931'><img loading=\"lazy\" decoding=\"async\" width=\"300\" height=\"199\" src=\"https:\/\/crarn.org.br\/wp-content\/uploads\/2021\/09\/51-300x199.jpg\" class=\"attachment-medium size-medium\" alt=\"\" srcset=\"https:\/\/crarn.org.br\/wp-content\/uploads\/2021\/09\/51-300x199.jpg 300w, https:\/\/crarn.org.br\/wp-content\/uploads\/2021\/09\/51-1024x680.jpg 1024w, https:\/\/crarn.org.br\/wp-content\/uploads\/2021\/09\/51-768x510.jpg 768w, https:\/\/crarn.org.br\/wp-content\/uploads\/2021\/09\/51-1536x1020.jpg 1536w, https:\/\/crarn.org.br\/wp-content\/uploads\/2021\/09\/51-2048x1360.jpg 2048w\" sizes=\"(max-width: 300px) 100vw, 300px\" \/><\/a>\n\t\t\t<\/div><\/figure><figure class='gallery-item'>\n\t\t\t<div class='gallery-icon landscape'>\n\t\t\t\t<a href='https:\/\/crarn.org.br\/?attachment_id=63930'><img loading=\"lazy\" decoding=\"async\" width=\"300\" height=\"199\" src=\"https:\/\/crarn.org.br\/wp-content\/uploads\/2021\/09\/40-300x199.jpg\" class=\"attachment-medium size-medium\" alt=\"\" srcset=\"https:\/\/crarn.org.br\/wp-content\/uploads\/2021\/09\/40-300x199.jpg 300w, https:\/\/crarn.org.br\/wp-content\/uploads\/2021\/09\/40-1024x681.jpg 1024w, https:\/\/crarn.org.br\/wp-content\/uploads\/2021\/09\/40-768x511.jpg 768w, https:\/\/crarn.org.br\/wp-content\/uploads\/2021\/09\/40-1536x1021.jpg 1536w, https:\/\/crarn.org.br\/wp-content\/uploads\/2021\/09\/40-2048x1362.jpg 2048w\" sizes=\"(max-width: 300px) 100vw, 300px\" \/><\/a>\n\t\t\t<\/div><\/figure>\n\t\t<\/div>\n\n<p>&nbsp;<\/p>\n<button class=\"simplefavorite-button\" data-postid=\"63927\" data-siteid=\"1\" data-groupid=\"1\" data-favoritecount=\"0\" style=\"\">Favorite <i class=\"sf-icon-star-empty\"><\/i><\/button>","protected":false},"excerpt":{"rendered":"<p>Nesta quinta-feira (09\/09), Dia do Profissional de Administra\u00e7\u00e3o, o CRA-RN promoveu uma noite especial em homenagem a estes profissionais, que s\u00e3o a raz\u00e3o da exist\u00eancia e de todo o trabalho do Sistema CFA\/CRAs. A programa\u00e7\u00e3o foi aberta pela diretora de Forma\u00e7\u00e3o Profissional, Isabella Mendon\u00e7a, que atuou como mestre de cerim\u00f4nias. O presidente do CRA-RN, Fl\u00e1vio<a class=\"read-more\" href=\"https:\/\/crarn.org.br\/?p=63927\"> [&hellip;]<\/a><\/p>\n","protected":false},"author":26,"featured_media":63944,"comment_status":"closed","ping_status":"open","sticky":true,"template":"","format":"standard","meta":{"_price":"","_stock":"","_tribe_ticket_header":"","_tribe_default_ticket_provider":"","_tribe_ticket_capacity":"0","_ticket_start_date":"","_ticket_end_date":"","_tribe_ticket_show_description":"","_tribe_ticket_show_not_going":false,"_tribe_ticket_use_global_stock":"","_tribe_ticket_global_stock_level":"","_global_stock_mode":"","_global_stock_cap":"","_tribe_rsvp_for_event":"","_tribe_ticket_going_count":"","_tribe_ticket_not_going_count":"","_tribe_tickets_list":"[]","_tribe_ticket_has_attendee_info_fields":false,"footnotes":"","_links_to":"","_links_to_target":""},"categories":[547,310,309],"tags":[],"class_list":["post-63927","post","type-post","status-publish","format-standard","has-post-thumbnail","hentry","category-ano-2021","category-destaque-grande","category-ultimas-noticias","entry","has-media"],"_links":{"self":[{"href":"https:\/\/crarn.org.br\/index.php?rest_route=\/wp\/v2\/posts\/63927","targetHints":{"allow":["GET"]}}],"collection":[{"href":"https:\/\/crarn.org.br\/index.php?rest_route=\/wp\/v2\/posts"}],"about":[{"href":"https:\/\/crarn.org.br\/index.php?rest_route=\/wp\/v2\/types\/post"}],"author":[{"embeddable":true,"href":"https:\/\/crarn.org.br\/index.php?rest_route=\/wp\/v2\/users\/26"}],"replies":[{"embeddable":true,"href":"https:\/\/crarn.org.br\/index.php?rest_route=%2Fwp%2Fv2%2Fcomments&post=63927"}],"version-history":[{"count":2,"href":"https:\/\/crarn.org.br\/index.php?rest_route=\/wp\/v2\/posts\/63927\/revisions"}],"predecessor-version":[{"id":63945,"href":"https:\/\/crarn.org.br\/index.php?rest_route=\/wp\/v2\/posts\/63927\/revisions\/63945"}],"wp:featuredmedia":[{"embeddable":true,"href":"https:\/\/crarn.org.br\/index.php?rest_route=\/wp\/v2\/media\/63944"}],"wp:attachment":[{"href":"https:\/\/crarn.org.br\/index.php?rest_route=%2Fwp%2Fv2%2Fmedia&parent=63927"}],"wp:term":[{"taxonomy":"category","embeddable":true,"href":"https:\/\/crarn.org.br\/index.php?rest_route=%2Fwp%2Fv2%2Fcategories&post=63927"},{"taxonomy":"post_tag","embeddable":true,"href":"https:\/\/crarn.org.br\/index.php?rest_route=%2Fwp%2Fv2%2Ftags&post=63927"}],"curies":[{"name":"wp","href":"https:\/\/api.w.org\/{rel}","templated":true}]}}