{"id":63909,"date":"2021-09-04T21:42:21","date_gmt":"2021-09-05T00:42:21","guid":{"rendered":"https:\/\/crarn.org.br\/?p=63909"},"modified":"2021-09-08T16:12:33","modified_gmt":"2021-09-08T19:12:33","slug":"cra-rn-comemora-o-dia-do-profissional-de-administracao","status":"publish","type":"post","link":"https:\/\/crarn.org.br\/?p=63909","title":{"rendered":"CRA-RN comemora o Dia do Profissional de Administra\u00e7\u00e3o"},"content":{"rendered":"\n<p><span style=\"font-size: 16px;\">Durante o m\u00eas de setembro, o CRA-RN realiza v\u00e1rios eventos em comemora\u00e7\u00e3o ao Dia do Profissional de Administra\u00e7\u00e3o.<\/span> <br \/><br \/><span style=\"font-size: 16px;\">A programa\u00e7\u00e3o foi aberta dia 01 de setembro com o Ato Solene da Assembleia Legislativa, proposto pelo deputado Adm. Kleber Fernandes em homenagem aos profissionais de Administra\u00e7\u00e3o e vai constar, ainda\u00a0 de uma homenagem na C\u00e2mara Municipal, proposta pelo vereador Adm.T\u00e9rcio Tin\u00f4co, evento para os profissionais de Mossor\u00f3\u00a0 e atividades em algumas IES da cidade. <\/span> <br \/><br \/><span style=\"font-size: 16px;\">O ponto alto ser\u00e1 no dia 09 de setembro, data em que se comemora o Dia do Profissional de Administra\u00e7\u00e3o, quando haver\u00e1 uma palestra do Adm, Marcelo Henrique sobre \u201cNovos paradigmas para a gest\u00e3o do s\u00e9culo XXI\u201d, lan\u00e7amentos do Projeto Vitrine da Comiss\u00e3o ADM Mulher, do CRA Jovem e de novos conv\u00eanios e parcerias. O evento ser\u00e1 no Hotel Barreira Roxa e, ao final, haver\u00e1 um momento de confraterniza\u00e7\u00e3o entre os participantes.<\/span> <br \/><br \/><span style=\"font-size: 16px;\">Devido \u00e0s restri\u00e7\u00f5es na quantidade de pessoas, em fun\u00e7\u00e3o das medidas sanit\u00e1rias para conter a propaga\u00e7\u00e3o do coronav\u00edrus, o n\u00famero de convidados ser\u00e1 restrito e o CRA-RN sorteou 20 profissionais, registrados e adimplentes, para participarem da atividade realizada no Hotel Barreira Roxa. O sorteio foi\u00a0 realizado nesta quarta-feira (01\/09) e os vencedores ser\u00e3o contactados individualmente para confirmarem suas presen\u00e7as.<\/span><!--\/data\/user\/0\/com.samsung.android.app.notes\/files\/clipdata\/clipdata_bodytext_210904_213605_902.sdocx--><\/p>\n<p>\u00a0<\/p>\n<p>Confira a programa\u00e7\u00e3o:<\/p>\n<p>\u00a0<\/p>\n<p><img fetchpriority=\"high\" decoding=\"async\" class=\"alignnone size-medium wp-image-63915\" src=\"https:\/\/crarn.org.br\/wp-content\/uploads\/2021\/09\/Notes_210904_214148_c56-300x300.jpg\" alt=\"\" width=\"300\" height=\"300\" srcset=\"https:\/\/crarn.org.br\/wp-content\/uploads\/2021\/09\/Notes_210904_214148_c56-300x300.jpg 300w, https:\/\/crarn.org.br\/wp-content\/uploads\/2021\/09\/Notes_210904_214148_c56-1024x1024.jpg 1024w, https:\/\/crarn.org.br\/wp-content\/uploads\/2021\/09\/Notes_210904_214148_c56-150x150.jpg 150w, https:\/\/crarn.org.br\/wp-content\/uploads\/2021\/09\/Notes_210904_214148_c56-768x768.jpg 768w, https:\/\/crarn.org.br\/wp-content\/uploads\/2021\/09\/Notes_210904_214148_c56.jpg 1080w\" sizes=\"(max-width: 300px) 100vw, 300px\" \/><\/p>\n<button class=\"simplefavorite-button\" data-postid=\"63909\" data-siteid=\"1\" data-groupid=\"1\" data-favoritecount=\"0\" style=\"\">Favorite <i class=\"sf-icon-star-empty\"><\/i><\/button>","protected":false},"excerpt":{"rendered":"<p>Durante o m\u00eas de setembro, o CRA-RN realiza v\u00e1rios eventos em comemora\u00e7\u00e3o ao Dia do Profissional de Administra\u00e7\u00e3o. A programa\u00e7\u00e3o foi aberta dia 01 de setembro com o Ato Solene da Assembleia Legislativa, proposto pelo deputado Adm. Kleber Fernandes em homenagem aos profissionais de Administra\u00e7\u00e3o e vai constar, ainda\u00a0 de uma homenagem na C\u00e2mara Municipal,<a class=\"read-more\" href=\"https:\/\/crarn.org.br\/?p=63909\"> [&hellip;]<\/a><\/p>\n","protected":false},"author":26,"featured_media":63916,"comment_status":"closed","ping_status":"open","sticky":true,"template":"","format":"standard","meta":{"_price":"","_stock":"","_tribe_ticket_header":"","_tribe_default_ticket_provider":"","_tribe_ticket_capacity":"0","_ticket_start_date":"","_ticket_end_date":"","_tribe_ticket_show_description":"","_tribe_ticket_show_not_going":false,"_tribe_ticket_use_global_stock":"","_tribe_ticket_global_stock_level":"","_global_stock_mode":"","_global_stock_cap":"","_tribe_rsvp_for_event":"","_tribe_ticket_going_count":"","_tribe_ticket_not_going_count":"","_tribe_tickets_list":"[]","_tribe_ticket_has_attendee_info_fields":false,"footnotes":"","_links_to":"","_links_to_target":""},"categories":[547,310,320,399,309],"tags":[],"class_list":["post-63909","post","type-post","status-publish","format-standard","has-post-thumbnail","hentry","category-ano-2021","category-destaque-grande","category-home","category-institucional","category-ultimas-noticias","entry","has-media"],"_links":{"self":[{"href":"https:\/\/crarn.org.br\/index.php?rest_route=\/wp\/v2\/posts\/63909","targetHints":{"allow":["GET"]}}],"collection":[{"href":"https:\/\/crarn.org.br\/index.php?rest_route=\/wp\/v2\/posts"}],"about":[{"href":"https:\/\/crarn.org.br\/index.php?rest_route=\/wp\/v2\/types\/post"}],"author":[{"embeddable":true,"href":"https:\/\/crarn.org.br\/index.php?rest_route=\/wp\/v2\/users\/26"}],"replies":[{"embeddable":true,"href":"https:\/\/crarn.org.br\/index.php?rest_route=%2Fwp%2Fv2%2Fcomments&post=63909"}],"version-history":[{"count":5,"href":"https:\/\/crarn.org.br\/index.php?rest_route=\/wp\/v2\/posts\/63909\/revisions"}],"predecessor-version":[{"id":63920,"href":"https:\/\/crarn.org.br\/index.php?rest_route=\/wp\/v2\/posts\/63909\/revisions\/63920"}],"wp:featuredmedia":[{"embeddable":true,"href":"https:\/\/crarn.org.br\/index.php?rest_route=\/wp\/v2\/media\/63916"}],"wp:attachment":[{"href":"https:\/\/crarn.org.br\/index.php?rest_route=%2Fwp%2Fv2%2Fmedia&parent=63909"}],"wp:term":[{"taxonomy":"category","embeddable":true,"href":"https:\/\/crarn.org.br\/index.php?rest_route=%2Fwp%2Fv2%2Fcategories&post=63909"},{"taxonomy":"post_tag","embeddable":true,"href":"https:\/\/crarn.org.br\/index.php?rest_route=%2Fwp%2Fv2%2Ftags&post=63909"}],"curies":[{"name":"wp","href":"https:\/\/api.w.org\/{rel}","templated":true}]}}