{"id":63887,"date":"2021-09-02T00:05:42","date_gmt":"2021-09-02T03:05:42","guid":{"rendered":"https:\/\/crarn.org.br\/?p=63887"},"modified":"2021-09-02T00:05:45","modified_gmt":"2021-09-02T03:05:45","slug":"profissionais-de-administracao-recebem-homenagem-da-assembleia-legislativa","status":"publish","type":"post","link":"https:\/\/crarn.org.br\/?p=63887","title":{"rendered":"Profissionais de Administra\u00e7\u00e3o recebem homenagem da Assembleia Legislativa"},"content":{"rendered":"\n<p>O m\u00eas de setembro, quando se comemora o Dia do Profissional de Administra\u00e7\u00e3o, come\u00e7ou de forma especial, nesta quarta-feira (01\/09), com a homenagem realizada pela Assembleia Legislativa, tendo como propositor o Deputado Estadual Kleber Rodrigues, em parceria com o CRA-RN.<\/p>\n<p>O Deputado, que tamb\u00e9m \u00e9 administrador, abriu a cerim\u00f4nia falando aos presentes, quando lembrou dos tempos de estudante e o que lhe chamou a aten\u00e7\u00e3o desde o in\u00edcio: \u00a0a pluralidade de atua\u00e7\u00f5es exigidas do administrador, fato que constatou a partir dos pr\u00f3prios bancos de universidade.<\/p>\n<p>Kleber afirmou que o trabalho de administrar exige resili\u00eancia, equil\u00edbrio e altru\u00edsmo. \u201cA atividade envolve um olhar humano muito apurado. \u00c9 por essas caracter\u00edsticas que o administrador se reveste de uma aura muito especial na sua fun\u00e7\u00e3o junto a iniciativa p\u00fablica e privada. \u00c9 por esse perfil desafiador que o administrador merece todo nosso aplauso e rever\u00eancia\u201d, destacou.<\/p>\n<p>Durante o discurso, o deputado falou sobre o perfil profissional de cada um dos homenageados, Fl\u00e1vio Em\u00edlio Monteiro Cavalcanti; C\u00e9lia Maria da Rocha Ribeiro; Isabella Mendon\u00e7a de Souza; Di\u00eago de Lima Dantas; Nivaldo Pessoa Filho; Alice Dantas de Medeiros; Andr\u00e9 Falcone Pessoa; Maria Das Neves Mariz Maia, Thelma\u00a0 Pignataro e Adrina de Souza.<\/p>\n<p>Ao concluir sua fala, lembrou que os homenageados t\u00eam uma responsabilidade especial: representar todos os bravos profissionais e chamou cada um deles para receber as placas comemorativas, encerrando com a entrega especial ao presidente da Fecom\u00e9rcio, Marcelo Fernandes Queiroz.<\/p>\n<p>A administradora Maria das Neves Mariz Maia fez o agradecimento em nome dos homenageados, destacando a responsabilidade em represent\u00e1-los. \u201cS\u00e3o profissionais com destaque na sociedade e entendemos a homenagem como um reconhecimento da import\u00e2ncia dos profissionais de administra\u00e7\u00e3o, dotados de vis\u00e3o sist\u00eamica e estrat\u00e9gica, para o desenvolvimento sustent\u00e1vel do nosso estado\u201d, afirmou.<\/p>\n<p>Em seguida, foi a vez do Presidente do CRA-RN, Fl\u00e1vio Em\u00edlio Cavalcanti, se pronunciar aos presentes. Ao falar sobre a import\u00e2ncia da profiss\u00e3o e suas conquistas, enumerou os avan\u00e7os que o conselho teve at\u00e9 agora como, \u00a0a cadeira no col\u00e9gio de vogais da JUCERN, representa\u00e7\u00f5es no interior, amplia\u00e7\u00e3o da quantidade de registros, crescimento da arrecada\u00e7\u00e3o e intensifica\u00e7\u00e3o da fiscaliza\u00e7\u00e3o e, agradeceu o trabalho de sua antecessora na gest\u00e3o, Kate Maciel. \u201cA nossa profiss\u00e3o surge como uma grande op\u00e7\u00e3o em v\u00e1rios segmentos. O ambiente de neg\u00f3cios \u00e9 extremamente dif\u00edcil, competitivo e desafiador para quem quer trabalhar com \u00e9tica e lucrar com responsabilidade. \u00c9 preciso de gest\u00e3o e a nossa profiss\u00e3o nos deixa prontos a ajudar nestes desafios\u201d, concluiu, apontando que ainda h\u00e1 muito o que conquistar no futuro.<\/p>\n<p>O presidente da Fecom\u00e9rcio, Marcelo Queiroz, encerrou a solenidade enaltecendo a import\u00e2ncia do momento e agradecendo a homenagem especial que lhe foi prestada.<\/p>\n<p>\u00a0<\/p>\n<div id='gallery-1' class='gallery galleryid-63887 gallery-columns-3 gallery-size-thumbnail'><figure class='gallery-item'>\n\t\t\t<div class='gallery-icon portrait'>\n\t\t\t\t<a href='https:\/\/crarn.org.br\/?attachment_id=63889'><img decoding=\"async\" width=\"150\" height=\"150\" src=\"https:\/\/crarn.org.br\/wp-content\/uploads\/2021\/09\/Homenagem-AL-19-150x150.jpg\" class=\"attachment-thumbnail size-thumbnail\" alt=\"\" \/><\/a>\n\t\t\t<\/div><\/figure><figure class='gallery-item'>\n\t\t\t<div class='gallery-icon landscape'>\n\t\t\t\t<a href='https:\/\/crarn.org.br\/?attachment_id=63890'><img decoding=\"async\" width=\"150\" height=\"150\" src=\"https:\/\/crarn.org.br\/wp-content\/uploads\/2021\/09\/Homenagem-AL-5-150x150.jpg\" class=\"attachment-thumbnail size-thumbnail\" alt=\"\" \/><\/a>\n\t\t\t<\/div><\/figure><figure class='gallery-item'>\n\t\t\t<div class='gallery-icon landscape'>\n\t\t\t\t<a href='https:\/\/crarn.org.br\/?attachment_id=63891'><img decoding=\"async\" width=\"150\" height=\"150\" src=\"https:\/\/crarn.org.br\/wp-content\/uploads\/2021\/09\/Homenagem-AL-6-150x150.jpg\" class=\"attachment-thumbnail size-thumbnail\" alt=\"\" \/><\/a>\n\t\t\t<\/div><\/figure><figure class='gallery-item'>\n\t\t\t<div class='gallery-icon landscape'>\n\t\t\t\t<a href='https:\/\/crarn.org.br\/?attachment_id=63892'><img loading=\"lazy\" decoding=\"async\" width=\"150\" height=\"150\" src=\"https:\/\/crarn.org.br\/wp-content\/uploads\/2021\/09\/Homenagem-AL-8-150x150.jpg\" class=\"attachment-thumbnail size-thumbnail\" alt=\"\" \/><\/a>\n\t\t\t<\/div><\/figure><figure class='gallery-item'>\n\t\t\t<div class='gallery-icon landscape'>\n\t\t\t\t<a href='https:\/\/crarn.org.br\/?attachment_id=63893'><img loading=\"lazy\" decoding=\"async\" width=\"150\" height=\"150\" src=\"https:\/\/crarn.org.br\/wp-content\/uploads\/2021\/09\/Homenagem-AL-9-150x150.jpg\" class=\"attachment-thumbnail size-thumbnail\" alt=\"\" \/><\/a>\n\t\t\t<\/div><\/figure><figure class='gallery-item'>\n\t\t\t<div class='gallery-icon landscape'>\n\t\t\t\t<a href='https:\/\/crarn.org.br\/?attachment_id=63894'><img loading=\"lazy\" decoding=\"async\" width=\"150\" height=\"150\" src=\"https:\/\/crarn.org.br\/wp-content\/uploads\/2021\/09\/Homenagem-AL-10-150x150.jpg\" class=\"attachment-thumbnail size-thumbnail\" alt=\"\" \/><\/a>\n\t\t\t<\/div><\/figure><figure class='gallery-item'>\n\t\t\t<div class='gallery-icon landscape'>\n\t\t\t\t<a href='https:\/\/crarn.org.br\/?attachment_id=63895'><img loading=\"lazy\" decoding=\"async\" width=\"150\" height=\"150\" src=\"https:\/\/crarn.org.br\/wp-content\/uploads\/2021\/09\/Homenagem-AL-14-150x150.jpg\" class=\"attachment-thumbnail size-thumbnail\" alt=\"\" \/><\/a>\n\t\t\t<\/div><\/figure><figure class='gallery-item'>\n\t\t\t<div class='gallery-icon landscape'>\n\t\t\t\t<a href='https:\/\/crarn.org.br\/?attachment_id=63896'><img loading=\"lazy\" decoding=\"async\" width=\"150\" height=\"150\" src=\"https:\/\/crarn.org.br\/wp-content\/uploads\/2021\/09\/Homenagem-AL-15-150x150.jpg\" class=\"attachment-thumbnail size-thumbnail\" alt=\"\" \/><\/a>\n\t\t\t<\/div><\/figure><figure class='gallery-item'>\n\t\t\t<div class='gallery-icon landscape'>\n\t\t\t\t<a href='https:\/\/crarn.org.br\/?attachment_id=63897'><img loading=\"lazy\" decoding=\"async\" width=\"150\" height=\"150\" src=\"https:\/\/crarn.org.br\/wp-content\/uploads\/2021\/09\/Homenagem-AL-16-150x150.jpg\" class=\"attachment-thumbnail size-thumbnail\" alt=\"\" \/><\/a>\n\t\t\t<\/div><\/figure><figure class='gallery-item'>\n\t\t\t<div class='gallery-icon landscape'>\n\t\t\t\t<a href='https:\/\/crarn.org.br\/?attachment_id=63898'><img loading=\"lazy\" decoding=\"async\" width=\"150\" height=\"150\" src=\"https:\/\/crarn.org.br\/wp-content\/uploads\/2021\/09\/Homenagem-4-150x150.jpg\" class=\"attachment-thumbnail size-thumbnail\" alt=\"\" \/><\/a>\n\t\t\t<\/div><\/figure><figure class='gallery-item'>\n\t\t\t<div class='gallery-icon landscape'>\n\t\t\t\t<a href='https:\/\/crarn.org.br\/?attachment_id=63899'><img loading=\"lazy\" decoding=\"async\" width=\"150\" height=\"150\" src=\"https:\/\/crarn.org.br\/wp-content\/uploads\/2021\/09\/Homenagem-8-150x150.jpg\" class=\"attachment-thumbnail size-thumbnail\" alt=\"\" \/><\/a>\n\t\t\t<\/div><\/figure><figure class='gallery-item'>\n\t\t\t<div class='gallery-icon landscape'>\n\t\t\t\t<a href='https:\/\/crarn.org.br\/?attachment_id=63900'><img loading=\"lazy\" decoding=\"async\" width=\"150\" height=\"150\" src=\"https:\/\/crarn.org.br\/wp-content\/uploads\/2021\/09\/Homenagem-AL-3-150x150.jpg\" class=\"attachment-thumbnail size-thumbnail\" alt=\"\" \/><\/a>\n\t\t\t<\/div><\/figure><figure class='gallery-item'>\n\t\t\t<div class='gallery-icon portrait'>\n\t\t\t\t<a href='https:\/\/crarn.org.br\/?attachment_id=63901'><img loading=\"lazy\" decoding=\"async\" width=\"150\" height=\"150\" src=\"https:\/\/crarn.org.br\/wp-content\/uploads\/2021\/09\/Homenagem-AL-12-150x150.jpg\" class=\"attachment-thumbnail size-thumbnail\" alt=\"\" \/><\/a>\n\t\t\t<\/div><\/figure><figure class='gallery-item'>\n\t\t\t<div class='gallery-icon portrait'>\n\t\t\t\t<a href='https:\/\/crarn.org.br\/?attachment_id=63902'><img loading=\"lazy\" decoding=\"async\" width=\"150\" height=\"150\" src=\"https:\/\/crarn.org.br\/wp-content\/uploads\/2021\/09\/Homenagem-AL-17-150x150.jpg\" class=\"attachment-thumbnail size-thumbnail\" alt=\"\" \/><\/a>\n\t\t\t<\/div><\/figure><figure class='gallery-item'>\n\t\t\t<div class='gallery-icon portrait'>\n\t\t\t\t<a href='https:\/\/crarn.org.br\/?attachment_id=63903'><img loading=\"lazy\" decoding=\"async\" width=\"150\" height=\"150\" src=\"https:\/\/crarn.org.br\/wp-content\/uploads\/2021\/09\/Homenagem-AL-20-150x150.jpg\" class=\"attachment-thumbnail size-thumbnail\" alt=\"\" \/><\/a>\n\t\t\t<\/div><\/figure>\n\t\t<\/div>\n\n<p>\u00a0<\/p>\n<button class=\"simplefavorite-button\" data-postid=\"63887\" data-siteid=\"1\" data-groupid=\"1\" data-favoritecount=\"0\" style=\"\">Favorite <i class=\"sf-icon-star-empty\"><\/i><\/button>","protected":false},"excerpt":{"rendered":"<p>O m\u00eas de setembro, quando se comemora o Dia do Profissional de Administra\u00e7\u00e3o, come\u00e7ou de forma especial, nesta quarta-feira (01\/09), com a homenagem realizada pela Assembleia Legislativa, tendo como propositor o Deputado Estadual Kleber Rodrigues, em parceria com o CRA-RN. O Deputado, que tamb\u00e9m \u00e9 administrador, abriu a cerim\u00f4nia falando aos presentes, quando lembrou dos<a class=\"read-more\" href=\"https:\/\/crarn.org.br\/?p=63887\"> [&hellip;]<\/a><\/p>\n","protected":false},"author":26,"featured_media":63888,"comment_status":"closed","ping_status":"open","sticky":true,"template":"","format":"standard","meta":{"_price":"","_stock":"","_tribe_ticket_header":"","_tribe_default_ticket_provider":"","_tribe_ticket_capacity":"0","_ticket_start_date":"","_ticket_end_date":"","_tribe_ticket_show_description":"","_tribe_ticket_show_not_going":false,"_tribe_ticket_use_global_stock":"","_tribe_ticket_global_stock_level":"","_global_stock_mode":"","_global_stock_cap":"","_tribe_rsvp_for_event":"","_tribe_ticket_going_count":"","_tribe_ticket_not_going_count":"","_tribe_tickets_list":"[]","_tribe_ticket_has_attendee_info_fields":false,"footnotes":"","_links_to":"","_links_to_target":""},"categories":[547,310,320,399,309],"tags":[],"class_list":["post-63887","post","type-post","status-publish","format-standard","has-post-thumbnail","hentry","category-ano-2021","category-destaque-grande","category-home","category-institucional","category-ultimas-noticias","entry","has-media"],"_links":{"self":[{"href":"https:\/\/crarn.org.br\/index.php?rest_route=\/wp\/v2\/posts\/63887","targetHints":{"allow":["GET"]}}],"collection":[{"href":"https:\/\/crarn.org.br\/index.php?rest_route=\/wp\/v2\/posts"}],"about":[{"href":"https:\/\/crarn.org.br\/index.php?rest_route=\/wp\/v2\/types\/post"}],"author":[{"embeddable":true,"href":"https:\/\/crarn.org.br\/index.php?rest_route=\/wp\/v2\/users\/26"}],"replies":[{"embeddable":true,"href":"https:\/\/crarn.org.br\/index.php?rest_route=%2Fwp%2Fv2%2Fcomments&post=63887"}],"version-history":[{"count":1,"href":"https:\/\/crarn.org.br\/index.php?rest_route=\/wp\/v2\/posts\/63887\/revisions"}],"predecessor-version":[{"id":63904,"href":"https:\/\/crarn.org.br\/index.php?rest_route=\/wp\/v2\/posts\/63887\/revisions\/63904"}],"wp:featuredmedia":[{"embeddable":true,"href":"https:\/\/crarn.org.br\/index.php?rest_route=\/wp\/v2\/media\/63888"}],"wp:attachment":[{"href":"https:\/\/crarn.org.br\/index.php?rest_route=%2Fwp%2Fv2%2Fmedia&parent=63887"}],"wp:term":[{"taxonomy":"category","embeddable":true,"href":"https:\/\/crarn.org.br\/index.php?rest_route=%2Fwp%2Fv2%2Fcategories&post=63887"},{"taxonomy":"post_tag","embeddable":true,"href":"https:\/\/crarn.org.br\/index.php?rest_route=%2Fwp%2Fv2%2Ftags&post=63887"}],"curies":[{"name":"wp","href":"https:\/\/api.w.org\/{rel}","templated":true}]}}