{"id":63872,"date":"2021-08-25T15:58:39","date_gmt":"2021-08-25T18:58:39","guid":{"rendered":"https:\/\/crarn.org.br\/?p=63872"},"modified":"2021-08-25T15:58:41","modified_gmt":"2021-08-25T18:58:41","slug":"cra-rn-empossa-novos-representantes-em-caraubas-e-assu","status":"publish","type":"post","link":"https:\/\/crarn.org.br\/?p=63872","title":{"rendered":"CRA-RN empossa novos representantes em Cara\u00fabas e Assu"},"content":{"rendered":"\n<p>O presidente do CRA-RN, Fl\u00e1vio Em\u00edlio Cavalcanti, juntamente com o vice, Rodrigo Fortunato, tiveram uma agenda extensa, nesta segunda-feira (23\/08), quando realizaram v\u00e1rias atividades nas cidades de Cara\u00fabas e Assu.<\/p>\n<p>Pela manh\u00e3, empossaram o Administrador e presidente da CDL Cara\u00fabas, Cassiano Gurgel, <img decoding=\"async\" class=\" wp-image-63875 alignright\" src=\"https:\/\/crarn.org.br\/wp-content\/uploads\/2021\/08\/Posse-representante-01-300x200.jpg\" alt=\"\" width=\"264\" height=\"176\" srcset=\"https:\/\/crarn.org.br\/wp-content\/uploads\/2021\/08\/Posse-representante-01-300x200.jpg 300w, https:\/\/crarn.org.br\/wp-content\/uploads\/2021\/08\/Posse-representante-01-1024x683.jpg 1024w, https:\/\/crarn.org.br\/wp-content\/uploads\/2021\/08\/Posse-representante-01-768x512.jpg 768w, https:\/\/crarn.org.br\/wp-content\/uploads\/2021\/08\/Posse-representante-01-1536x1024.jpg 1536w, https:\/\/crarn.org.br\/wp-content\/uploads\/2021\/08\/Posse-representante-01.jpg 1599w\" sizes=\"(max-width: 264px) 100vw, 264px\" \/>como representante do conselho na cidade e na Regi\u00e3o do M\u00e9dio Oeste Potiguar.\u00a0\u00a0\u00a0\u00a0\u00a0\u00a0\u00a0\u00a0\u00a0\u00a0\u00a0\u00a0\u00a0\u00a0\u00a0\u00a0\u00a0\u00a0\u00a0\u00a0\u00a0\u00a0\u00a0\u00a0\u00a0\u00a0\u00a0\u00a0\u00a0\u00a0\u00a0\u00a0\u00a0\u00a0\u00a0\u00a0\u00a0\u00a0\u00a0\u00a0\u00a0\u00a0\u00a0\u00a0\u00a0\u00a0\u00a0\u00a0\u00a0\u00a0<\/p>\n<p>Em seguida, juntamente com Cassiano, o presidente e vice-presidente do CRA-RN concederam entrevista \u00e0 FM Lideran\u00e7a de Cara\u00fabas e visitaram a prefeitura, onde foram recebidos pelo secret\u00e1rio de Administra\u00e7\u00e3o, Miguel Araruna, representando o prefeito Juninho Alves. Durante o encontro com o secret\u00e1rio, conversaram sobre a cria\u00e7\u00e3o de cargos espec\u00edficos para profissionais de Administra\u00e7\u00e3o e o desenvolvimento de um trabalho conjunto de suporte, com indicadores que v\u00e3o nortear a gest\u00e3o municipal.<\/p>\n<p><img decoding=\"async\" class=\"alignleft wp-image-63877\" src=\"https:\/\/crarn.org.br\/wp-content\/uploads\/2021\/08\/Posse-representante-Assu-225x300.jpg\" alt=\"\" width=\"157\" height=\"209\" srcset=\"https:\/\/crarn.org.br\/wp-content\/uploads\/2021\/08\/Posse-representante-Assu-225x300.jpg 225w, https:\/\/crarn.org.br\/wp-content\/uploads\/2021\/08\/Posse-representante-Assu-768x1024.jpg 768w, https:\/\/crarn.org.br\/wp-content\/uploads\/2021\/08\/Posse-representante-Assu-1152x1536.jpg 1152w, https:\/\/crarn.org.br\/wp-content\/uploads\/2021\/08\/Posse-representante-Assu.jpg 1200w\" sizes=\"(max-width: 157px) 100vw, 157px\" \/><\/p>\n<p>\u00a0<\/p>\n<p>Na cidade de Assu, o presidente e seu vice deram posse a Alyson Souza, representante do CRA-RN na cidade e no Vale do Assu. Tamb\u00e9m visitaram uma institui\u00e7\u00e3o de ensino superior, a FACESA. Em reuni\u00e3o com o diretor Acad\u00eamico, Arrilton Carlos, apresentaram o representante do regional e trataram de parcerias na realiza\u00e7\u00e3o de eventos para os profissionais de administra\u00e7\u00e3o. A viagem foi conclu\u00edda com uma entrevista \u00e0 FM Princesa.<\/p>\n<p>\u00a0<\/p>\n<p>\u00a0<\/p>\n<p>\u00a0<\/p>\n<p>\u00a0<\/p>\n<p>\u00a0<\/p>\n<div id='gallery-1' class='gallery galleryid-63872 gallery-columns-3 gallery-size-thumbnail'><figure class='gallery-item'>\n\t\t\t<div class='gallery-icon landscape'>\n\t\t\t\t<a href='https:\/\/crarn.org.br\/?attachment_id=63876'><img decoding=\"async\" width=\"150\" height=\"150\" src=\"https:\/\/crarn.org.br\/wp-content\/uploads\/2021\/08\/Prefeitura-reuniao-Caraubas-150x150.jpg\" class=\"attachment-thumbnail size-thumbnail\" alt=\"\" aria-describedby=\"gallery-1-63876\" \/><\/a>\n\t\t\t<\/div>\n\t\t\t\t<figcaption class='wp-caption-text gallery-caption' id='gallery-1-63876'>\n\t\t\t\tReuni\u00e3o na Prefeiturfa de Cara\u00fabas\n\t\t\t\t<\/figcaption><\/figure><figure class='gallery-item'>\n\t\t\t<div class='gallery-icon landscape'>\n\t\t\t\t<a href='https:\/\/crarn.org.br\/?attachment_id=63880'><img loading=\"lazy\" decoding=\"async\" width=\"150\" height=\"150\" src=\"https:\/\/crarn.org.br\/wp-content\/uploads\/2021\/08\/Entrevista-Radio-Caraubas-150x150.jpg\" class=\"attachment-thumbnail size-thumbnail\" alt=\"\" aria-describedby=\"gallery-1-63880\" \/><\/a>\n\t\t\t<\/div>\n\t\t\t\t<figcaption class='wp-caption-text gallery-caption' id='gallery-1-63880'>\n\t\t\t\tEntrevista \u00e0 FM Lideran\u00e7a em Cara\u00fabas\n\t\t\t\t<\/figcaption><\/figure><figure class='gallery-item'>\n\t\t\t<div class='gallery-icon landscape'>\n\t\t\t\t<a href='https:\/\/crarn.org.br\/?attachment_id=63878'><img loading=\"lazy\" decoding=\"async\" width=\"150\" height=\"150\" src=\"https:\/\/crarn.org.br\/wp-content\/uploads\/2021\/08\/Reuniao-Facesa-150x150.jpg\" class=\"attachment-thumbnail size-thumbnail\" alt=\"\" aria-describedby=\"gallery-1-63878\" \/><\/a>\n\t\t\t<\/div>\n\t\t\t\t<figcaption class='wp-caption-text gallery-caption' id='gallery-1-63878'>\n\t\t\t\tReuni\u00e3o na Facesa\n\t\t\t\t<\/figcaption><\/figure><figure class='gallery-item'>\n\t\t\t<div class='gallery-icon portrait'>\n\t\t\t\t<a href='https:\/\/crarn.org.br\/?attachment_id=63879'><img loading=\"lazy\" decoding=\"async\" width=\"150\" height=\"150\" src=\"https:\/\/crarn.org.br\/wp-content\/uploads\/2021\/08\/Radio-Princesa-Assu-150x150.jpg\" class=\"attachment-thumbnail size-thumbnail\" alt=\"\" aria-describedby=\"gallery-1-63879\" \/><\/a>\n\t\t\t<\/div>\n\t\t\t\t<figcaption class='wp-caption-text gallery-caption' id='gallery-1-63879'>\n\t\t\t\tEntrevista \u00e0 FM Princesa de Assu\n\t\t\t\t<\/figcaption><\/figure>\n\t\t<\/div>\n\n<p>\u00a0<\/p>\n<p>\u00a0<\/p>\n<p>\u00a0<\/p>\n<p>\u00a0<\/p>\n<button class=\"simplefavorite-button\" data-postid=\"63872\" data-siteid=\"1\" data-groupid=\"1\" data-favoritecount=\"0\" style=\"\">Favorite <i class=\"sf-icon-star-empty\"><\/i><\/button>","protected":false},"excerpt":{"rendered":"<p>O presidente do CRA-RN, Fl\u00e1vio Em\u00edlio Cavalcanti, juntamente com o vice, Rodrigo Fortunato, tiveram uma agenda extensa, nesta segunda-feira (23\/08), quando realizaram v\u00e1rias atividades nas cidades de Cara\u00fabas e Assu. Pela manh\u00e3, empossaram o Administrador e presidente da CDL Cara\u00fabas, Cassiano Gurgel, como representante do conselho na cidade e na Regi\u00e3o do M\u00e9dio Oeste Potiguar.\u00a0\u00a0\u00a0\u00a0\u00a0\u00a0\u00a0\u00a0\u00a0\u00a0\u00a0\u00a0\u00a0\u00a0\u00a0\u00a0\u00a0\u00a0\u00a0\u00a0\u00a0\u00a0\u00a0\u00a0\u00a0\u00a0\u00a0\u00a0\u00a0\u00a0\u00a0\u00a0\u00a0\u00a0\u00a0\u00a0\u00a0\u00a0\u00a0\u00a0\u00a0\u00a0\u00a0\u00a0\u00a0\u00a0\u00a0\u00a0\u00a0\u00a0<a class=\"read-more\" href=\"https:\/\/crarn.org.br\/?p=63872\"> [&hellip;]<\/a><\/p>\n","protected":false},"author":26,"featured_media":63874,"comment_status":"closed","ping_status":"open","sticky":false,"template":"","format":"standard","meta":{"_price":"","_stock":"","_tribe_ticket_header":"","_tribe_default_ticket_provider":"","_tribe_ticket_capacity":"0","_ticket_start_date":"","_ticket_end_date":"","_tribe_ticket_show_description":"","_tribe_ticket_show_not_going":false,"_tribe_ticket_use_global_stock":"","_tribe_ticket_global_stock_level":"","_global_stock_mode":"","_global_stock_cap":"","_tribe_rsvp_for_event":"","_tribe_ticket_going_count":"","_tribe_ticket_not_going_count":"","_tribe_tickets_list":"[]","_tribe_ticket_has_attendee_info_fields":false,"footnotes":"","_links_to":"","_links_to_target":""},"categories":[1],"tags":[],"class_list":["post-63872","post","type-post","status-publish","format-standard","has-post-thumbnail","hentry","category-sem-categoria","entry","has-media"],"_links":{"self":[{"href":"https:\/\/crarn.org.br\/index.php?rest_route=\/wp\/v2\/posts\/63872","targetHints":{"allow":["GET"]}}],"collection":[{"href":"https:\/\/crarn.org.br\/index.php?rest_route=\/wp\/v2\/posts"}],"about":[{"href":"https:\/\/crarn.org.br\/index.php?rest_route=\/wp\/v2\/types\/post"}],"author":[{"embeddable":true,"href":"https:\/\/crarn.org.br\/index.php?rest_route=\/wp\/v2\/users\/26"}],"replies":[{"embeddable":true,"href":"https:\/\/crarn.org.br\/index.php?rest_route=%2Fwp%2Fv2%2Fcomments&post=63872"}],"version-history":[{"count":2,"href":"https:\/\/crarn.org.br\/index.php?rest_route=\/wp\/v2\/posts\/63872\/revisions"}],"predecessor-version":[{"id":63882,"href":"https:\/\/crarn.org.br\/index.php?rest_route=\/wp\/v2\/posts\/63872\/revisions\/63882"}],"wp:featuredmedia":[{"embeddable":true,"href":"https:\/\/crarn.org.br\/index.php?rest_route=\/wp\/v2\/media\/63874"}],"wp:attachment":[{"href":"https:\/\/crarn.org.br\/index.php?rest_route=%2Fwp%2Fv2%2Fmedia&parent=63872"}],"wp:term":[{"taxonomy":"category","embeddable":true,"href":"https:\/\/crarn.org.br\/index.php?rest_route=%2Fwp%2Fv2%2Fcategories&post=63872"},{"taxonomy":"post_tag","embeddable":true,"href":"https:\/\/crarn.org.br\/index.php?rest_route=%2Fwp%2Fv2%2Ftags&post=63872"}],"curies":[{"name":"wp","href":"https:\/\/api.w.org\/{rel}","templated":true}]}}