{"id":63853,"date":"2021-08-17T15:09:30","date_gmt":"2021-08-17T18:09:30","guid":{"rendered":"https:\/\/crarn.org.br\/?p=63853"},"modified":"2021-08-20T14:47:59","modified_gmt":"2021-08-20T17:47:59","slug":"plenaria-do-cra-rn-planeja-dia-do-profissional-de-administracao","status":"publish","type":"post","link":"https:\/\/crarn.org.br\/?p=63853","title":{"rendered":"Plen\u00e1ria do CRA-RN planeja Dia do Profissional de Administra\u00e7\u00e3o"},"content":{"rendered":"\n<p>Os conselheiros do CRA-RN se reuniram, nesta ter\u00e7a-feira (17\/08) na plen\u00e1ria do m\u00eas de agosto, para deliberar sobre assuntos internos e a\u00e7\u00f5es em defesa do exerc\u00edcio legal da profiss\u00e3o.<\/p>\n<p>A reuni\u00e3o foi realizada de forma h\u00edbrida, contando com a presen\u00e7a do presidente, Fl\u00e1vio Em\u00edlio Cavalcanti; do vice-presidente, Rodrigo Fortunato; da diretora Administrativo Financeira, Kate Maciel, diretor de Fiscaliza\u00e7\u00e3o e Registro, Di\u00eago Dantas e dos conselheiros, C\u00e9lia Ribeiro, Pablo Phorlan e Nivaldo Pessoa. O conselheiro federal, J\u00falio Rezende e o suplente, Sandro Pacheco, al\u00e9m do conselheiro Zen\u00f3bio Pereira e as suplentes, Maria das Neves Maia, Adrina de Souza e Alice Dantas, participaram on-line.<\/p>\n<p>Os assuntos de mais destaque da pauta se referiam \u00e0s comemora\u00e7\u00f5es e homenagens pela passagem do Dia do Profissional de Administra\u00e7\u00e3o, registrado em 09 de setembro. Entre os outros pontos discutidos est\u00e3o a plataforma do Clube de Vantagens do CFA; Banco de Oportunidades; representantes do interior do RN; resultados da fiscaliza\u00e7\u00e3o; balancetes e posi\u00e7\u00e3o financeira e ainda, \u00a0an\u00e1lise de processos e delibera\u00e7\u00f5es de praxe.<\/p>\n<p>\u00a0<\/p>\n<button class=\"simplefavorite-button\" data-postid=\"63853\" data-siteid=\"1\" data-groupid=\"1\" data-favoritecount=\"0\" style=\"\">Favorite <i class=\"sf-icon-star-empty\"><\/i><\/button>","protected":false},"excerpt":{"rendered":"<p>Os conselheiros do CRA-RN se reuniram, nesta ter\u00e7a-feira (17\/08) na plen\u00e1ria do m\u00eas de agosto, para deliberar sobre assuntos internos e a\u00e7\u00f5es em defesa do exerc\u00edcio legal da profiss\u00e3o. A reuni\u00e3o foi realizada de forma h\u00edbrida, contando com a presen\u00e7a do presidente, Fl\u00e1vio Em\u00edlio Cavalcanti; do vice-presidente, Rodrigo Fortunato; da diretora Administrativo Financeira, Kate Maciel,<a class=\"read-more\" href=\"https:\/\/crarn.org.br\/?p=63853\"> [&hellip;]<\/a><\/p>\n","protected":false},"author":26,"featured_media":63854,"comment_status":"closed","ping_status":"open","sticky":true,"template":"","format":"standard","meta":{"_price":"","_stock":"","_tribe_ticket_header":"","_tribe_default_ticket_provider":"","_tribe_ticket_capacity":"0","_ticket_start_date":"","_ticket_end_date":"","_tribe_ticket_show_description":"","_tribe_ticket_show_not_going":false,"_tribe_ticket_use_global_stock":"","_tribe_ticket_global_stock_level":"","_global_stock_mode":"","_global_stock_cap":"","_tribe_rsvp_for_event":"","_tribe_ticket_going_count":"","_tribe_ticket_not_going_count":"","_tribe_tickets_list":"[]","_tribe_ticket_has_attendee_info_fields":false,"footnotes":"","_links_to":"","_links_to_target":""},"categories":[547,311,320,399,309],"tags":[],"class_list":["post-63853","post","type-post","status-publish","format-standard","has-post-thumbnail","hentry","category-ano-2021","category-destaque-pequeno-superior","category-home","category-institucional","category-ultimas-noticias","entry","has-media"],"_links":{"self":[{"href":"https:\/\/crarn.org.br\/index.php?rest_route=\/wp\/v2\/posts\/63853","targetHints":{"allow":["GET"]}}],"collection":[{"href":"https:\/\/crarn.org.br\/index.php?rest_route=\/wp\/v2\/posts"}],"about":[{"href":"https:\/\/crarn.org.br\/index.php?rest_route=\/wp\/v2\/types\/post"}],"author":[{"embeddable":true,"href":"https:\/\/crarn.org.br\/index.php?rest_route=\/wp\/v2\/users\/26"}],"replies":[{"embeddable":true,"href":"https:\/\/crarn.org.br\/index.php?rest_route=%2Fwp%2Fv2%2Fcomments&post=63853"}],"version-history":[{"count":2,"href":"https:\/\/crarn.org.br\/index.php?rest_route=\/wp\/v2\/posts\/63853\/revisions"}],"predecessor-version":[{"id":63859,"href":"https:\/\/crarn.org.br\/index.php?rest_route=\/wp\/v2\/posts\/63853\/revisions\/63859"}],"wp:featuredmedia":[{"embeddable":true,"href":"https:\/\/crarn.org.br\/index.php?rest_route=\/wp\/v2\/media\/63854"}],"wp:attachment":[{"href":"https:\/\/crarn.org.br\/index.php?rest_route=%2Fwp%2Fv2%2Fmedia&parent=63853"}],"wp:term":[{"taxonomy":"category","embeddable":true,"href":"https:\/\/crarn.org.br\/index.php?rest_route=%2Fwp%2Fv2%2Fcategories&post=63853"},{"taxonomy":"post_tag","embeddable":true,"href":"https:\/\/crarn.org.br\/index.php?rest_route=%2Fwp%2Fv2%2Ftags&post=63853"}],"curies":[{"name":"wp","href":"https:\/\/api.w.org\/{rel}","templated":true}]}}