{"id":63840,"date":"2021-08-16T13:54:36","date_gmt":"2021-08-16T16:54:36","guid":{"rendered":"https:\/\/crarn.org.br\/?p=63840"},"modified":"2021-08-16T13:54:39","modified_gmt":"2021-08-16T16:54:39","slug":"conheca-a-ouvidora-do-cra-rn-adrina-de-souza","status":"publish","type":"post","link":"https:\/\/crarn.org.br\/?p=63840","title":{"rendered":"Conhe\u00e7a a Ouvidora do CRA-RN, Adrina de Souza"},"content":{"rendered":"\n<p>Com a apresenta\u00e7\u00e3o da Ouvidora, o CRA-RN inicia uma s\u00e9rie de textos sobre seus representantes, que ser\u00e3o publicados no site e nas redes sociais.<\/p>\n<p>\u00a0<\/p>\n<p>Adrina de Souza \u00e9 graduada em Administra\u00e7\u00e3o pela UFRN, especialista em Educa\u00e7\u00e3o e Sustentabilidade Ambiental\/UFRN; Forma\u00e7\u00e3o de Formadores em EJA\/UnB, Marketing\/UnP e Consultora de MPEs pela FIA\/USP\/CFA.<\/p>\n<p>Seridoense de Caic\u00f3, ama a vida, gosta de aprender e trabalhar em equipe, viajar, conhecer outras realidades, fazer novos amigos e preservar as amizades j\u00e1 conquistadas.<\/p>\n<p>Na vida pessoal \u00e9 discreta, sem deixar de viver e aproveitar o que gosta de fazer. Busca conciliar de forma planejada, a vida pessoal, os hobbies e as responsabilidades profissionais, de acordo com a realidade vivenciada. No momento atual, procura, se reinventar e buscar alternativas de habilidades para continuar ativa e produtiva frente \u00e0s novas exig\u00eancias do mundo do trabalho.<\/p>\n<p><strong>Vida profissional<\/strong><\/p>\n<p>O primeiro contato com a administra\u00e7\u00e3o surgiu ainda na adolesc\u00eancia, quando auxiliava sua m\u00e3e, \u201cMaria Jos\u00e9\u201d, no pequeno Atelier de Costura em sua casa, e desde ent\u00e3o, decidiu que faria faculdade de Administra\u00e7\u00e3o.<\/p>\n<p>Sua primeira oportunidade de trabalho no campo da administra\u00e7\u00e3o surgiu antes da conclus\u00e3o da gradua\u00e7\u00e3o, onde foi selecionada para trabalhar numa empresa do sistema financeiro.<\/p>\n<p>Com uma trajet\u00f3ria profissional diversificada, tem experi\u00eancias em alguns segmentos da Administra\u00e7\u00e3o p\u00fablica e privada. Atuou em diversos ambientes de empresas com atendimento ao cliente, planejando, coordenando, fortalecendo equipes, superando desafios com apoio e trabalho em equipe, acompanhando de perto a implanta\u00e7\u00e3o e execu\u00e7\u00e3o dos projetos sob sua responsabilidade, sempre com foco, dedica\u00e7\u00e3o, \u00e9tica e profissionalismo.<\/p>\n<p><strong>Ouvidoria<\/strong><\/p>\n<p>Em 2020, participou da chapa vencedora da elei\u00e7\u00e3o para o CRA-RN como conselheira suplente para o bi\u00eanio 2021-2022. \u00a0Ap\u00f3s a posse, foi designada para atuar como Ouvidora, um grande desafio, por se tratar de uma miss\u00e3o que se prop\u00f5e a ser um elo importante entre os profissionais e o regional. \u201cA incumb\u00eancia de responder pela Ouvidoria \u00e9 um desafio de alta responsabilidade, pois o trabalho requer muito conhecimento e leitura da legisla\u00e7\u00e3o que normatiza a profiss\u00e3o do administrador, como tamb\u00e9m, paci\u00eancia no saber ouvir para, em seguida, encaminhar a solu\u00e7\u00e3o para os questionamentos recebidos\u201d, afirmou.<\/p>\n<p>A Ouvidoria acolhe e trabalha para responder \u00e0s demandas dos profissionais. S\u00e3o consultas, sugest\u00f5es, d\u00favidas, reclama\u00e7\u00f5es, elogios e den\u00fancias sobre a profiss\u00e3o ou a presta\u00e7\u00e3o de servi\u00e7os que s\u00e3o oferecidos pelo regional. Muitas vezes os questionamentos apresentados s\u00e3o resultado da falta de conhecimento das leis que normatizam a profiss\u00e3o do administrador.<\/p>\n<p>\u201cUm detalhe importante \u00e9 que o profissional que est\u00e1 na fun\u00e7\u00e3o de Ouvidor atua de forma imparcial e confidencial acerca das reclama\u00e7\u00f5es recebidas dos registrados. Ap\u00f3s o tratamento dos fatos, o solicitante \u00e9 contactado por e-mail ou telefone, quando \u00e9 informado sobre o resultado da sua solicita\u00e7\u00e3o\u201d, explicou.<\/p>\n<p>A ouvidoria do CRA-RN pode ser acessada atrav\u00e9s do site <a href=\"https:\/\/crarn.org.br\">www.crarn.org.br<\/a>, no canto esquerdo, superior da tela inicial.<\/p>\n<p>\u00a0<\/p>\n<button class=\"simplefavorite-button\" data-postid=\"63840\" data-siteid=\"1\" data-groupid=\"1\" data-favoritecount=\"0\" style=\"\">Favorite <i class=\"sf-icon-star-empty\"><\/i><\/button>","protected":false},"excerpt":{"rendered":"<p>Com a apresenta\u00e7\u00e3o da Ouvidora, o CRA-RN inicia uma s\u00e9rie de textos sobre seus representantes, que ser\u00e3o publicados no site e nas redes sociais. \u00a0 Adrina de Souza \u00e9 graduada em Administra\u00e7\u00e3o pela UFRN, especialista em Educa\u00e7\u00e3o e Sustentabilidade Ambiental\/UFRN; Forma\u00e7\u00e3o de Formadores em EJA\/UnB, Marketing\/UnP e Consultora de MPEs pela FIA\/USP\/CFA. Seridoense de Caic\u00f3,<a class=\"read-more\" href=\"https:\/\/crarn.org.br\/?p=63840\"> [&hellip;]<\/a><\/p>\n","protected":false},"author":26,"featured_media":63841,"comment_status":"closed","ping_status":"open","sticky":true,"template":"","format":"standard","meta":{"_price":"","_stock":"","_tribe_ticket_header":"","_tribe_default_ticket_provider":"","_tribe_ticket_capacity":"0","_ticket_start_date":"","_ticket_end_date":"","_tribe_ticket_show_description":"","_tribe_ticket_show_not_going":false,"_tribe_ticket_use_global_stock":"","_tribe_ticket_global_stock_level":"","_global_stock_mode":"","_global_stock_cap":"","_tribe_rsvp_for_event":"","_tribe_ticket_going_count":"","_tribe_ticket_not_going_count":"","_tribe_tickets_list":"[]","_tribe_ticket_has_attendee_info_fields":false,"footnotes":"","_links_to":"","_links_to_target":""},"categories":[547,310,320,399,309],"tags":[],"class_list":["post-63840","post","type-post","status-publish","format-standard","has-post-thumbnail","hentry","category-ano-2021","category-destaque-grande","category-home","category-institucional","category-ultimas-noticias","entry","has-media"],"_links":{"self":[{"href":"https:\/\/crarn.org.br\/index.php?rest_route=\/wp\/v2\/posts\/63840","targetHints":{"allow":["GET"]}}],"collection":[{"href":"https:\/\/crarn.org.br\/index.php?rest_route=\/wp\/v2\/posts"}],"about":[{"href":"https:\/\/crarn.org.br\/index.php?rest_route=\/wp\/v2\/types\/post"}],"author":[{"embeddable":true,"href":"https:\/\/crarn.org.br\/index.php?rest_route=\/wp\/v2\/users\/26"}],"replies":[{"embeddable":true,"href":"https:\/\/crarn.org.br\/index.php?rest_route=%2Fwp%2Fv2%2Fcomments&post=63840"}],"version-history":[{"count":1,"href":"https:\/\/crarn.org.br\/index.php?rest_route=\/wp\/v2\/posts\/63840\/revisions"}],"predecessor-version":[{"id":63842,"href":"https:\/\/crarn.org.br\/index.php?rest_route=\/wp\/v2\/posts\/63840\/revisions\/63842"}],"wp:featuredmedia":[{"embeddable":true,"href":"https:\/\/crarn.org.br\/index.php?rest_route=\/wp\/v2\/media\/63841"}],"wp:attachment":[{"href":"https:\/\/crarn.org.br\/index.php?rest_route=%2Fwp%2Fv2%2Fmedia&parent=63840"}],"wp:term":[{"taxonomy":"category","embeddable":true,"href":"https:\/\/crarn.org.br\/index.php?rest_route=%2Fwp%2Fv2%2Fcategories&post=63840"},{"taxonomy":"post_tag","embeddable":true,"href":"https:\/\/crarn.org.br\/index.php?rest_route=%2Fwp%2Fv2%2Ftags&post=63840"}],"curies":[{"name":"wp","href":"https:\/\/api.w.org\/{rel}","templated":true}]}}