{"id":63836,"date":"2021-08-11T12:20:27","date_gmt":"2021-08-11T15:20:27","guid":{"rendered":"https:\/\/crarn.org.br\/?p=63836"},"modified":"2021-08-11T12:20:29","modified_gmt":"2021-08-11T15:20:29","slug":"quem-nao-tem-competencia-nao-se-estabelece","status":"publish","type":"post","link":"https:\/\/crarn.org.br\/?p=63836","title":{"rendered":"\u201cQuem n\u00e3o tem compet\u00eancia n\u00e3o se estabelece\u201d"},"content":{"rendered":"\n<p>Daqui a menos de um m\u00eas comemora-se a grande data, o Dia do Profissional de Administra\u00e7\u00e3o. Nove de setembro foi escolhido por ser o dia da promulga\u00e7\u00e3o da Lei n\u00ba 4769 que regulamenta a profiss\u00e3o. Neste ano, o Conselho Federal de Administra\u00e7\u00e3o (CFA) preparou uma campanha baseada no conceito CHAVE.<\/p>\n<p>A palavra \u00e9 um acr\u00f4nimo para conhecimento, habilidades, atitudes, valores e \u00e9tica. Inicialmente, a partir dos estudos do estadunidense David McClelland, ainda nos anos 70, o m\u00e9todo adotado nas organiza\u00e7\u00f5es era o chamado CHA (conhecimento, habilidades, atitudes), tendo sido acrescido posteriormente dos outros dois conceitos (valores e \u00e9tica), tornando-se CHAVE.<\/p>\n<p>Percebe-se que este mapeamento est\u00e1 em alta e tem conquistado cada vez mais as empresas na hora de avaliar candidatos e selecionar os melhores ou mais adequados para determinados cargos. De acordo com especialistas de Recursos Humanos, \u00e9 bastante utilizada para sele\u00e7\u00f5es em n\u00edvel de lideran\u00e7a.<\/p>\n<p>\u201cEstar preparado profissionalmente significa conhecer as exig\u00eancias b\u00e1sicas do mercado de trabalho e a sigla CHAVE re\u00fane as principais delas. O nosso intuito \u00e9, al\u00e9m de comemorar o dia, levar o profissional a refletir em quais delas ele ainda est\u00e1 deficiente para se capacitar\u201d, afirma o diretor da C\u00e2mara de Comunica\u00e7\u00e3o e Marketing (CCM) do CFA, Diego da Costa.<\/p>\n<p>A campanha contar\u00e1 com pe\u00e7as gr\u00e1ficas para divulga\u00e7\u00e3o em redes sociais e sites do Sistema CFA\/CRAs, um spot especial na R\u00e1dio ADM e um v\u00eddeo produzido pelo CFAPlay. O mote est\u00e1 baseado na ideia de \u201co profissional chave para a recupera\u00e7\u00e3o econ\u00f4mica do pa\u00eds\u201d e foi pensado por considerar que o curso de Administra\u00e7\u00e3o \u00e9 o que engloba a maior parte do conhecimento espec\u00edfico necess\u00e1rio tanto para a gest\u00e3o p\u00fablica, quanto privada.<\/p>\n<p>A inten\u00e7\u00e3o do Sistema CFA\/CRAs \u00e9 refor\u00e7ar a valoriza\u00e7\u00e3o do profissional da \u00e1rea e conscientizar a sociedade de que as compet\u00eancias que trazem no curr\u00edculo encaixam-se com as necessidades atuais do pa\u00eds.<\/p>\n<p>\u00a0<\/p>\n<p>Elisa Ventura<\/p>\n<p>Assessoria de Comunica\u00e7\u00e3o CFA<\/p>\n<button class=\"simplefavorite-button\" data-postid=\"63836\" data-siteid=\"1\" data-groupid=\"1\" data-favoritecount=\"0\" style=\"\">Favorite <i class=\"sf-icon-star-empty\"><\/i><\/button>","protected":false},"excerpt":{"rendered":"<p>Daqui a menos de um m\u00eas comemora-se a grande data, o Dia do Profissional de Administra\u00e7\u00e3o. Nove de setembro foi escolhido por ser o dia da promulga\u00e7\u00e3o da Lei n\u00ba 4769 que regulamenta a profiss\u00e3o. Neste ano, o Conselho Federal de Administra\u00e7\u00e3o (CFA) preparou uma campanha baseada no conceito CHAVE. A palavra \u00e9 um acr\u00f4nimo<a class=\"read-more\" href=\"https:\/\/crarn.org.br\/?p=63836\"> [&hellip;]<\/a><\/p>\n","protected":false},"author":26,"featured_media":63837,"comment_status":"closed","ping_status":"open","sticky":true,"template":"","format":"standard","meta":{"_price":"","_stock":"","_tribe_ticket_header":"","_tribe_default_ticket_provider":"","_tribe_ticket_capacity":"0","_ticket_start_date":"","_ticket_end_date":"","_tribe_ticket_show_description":"","_tribe_ticket_show_not_going":false,"_tribe_ticket_use_global_stock":"","_tribe_ticket_global_stock_level":"","_global_stock_mode":"","_global_stock_cap":"","_tribe_rsvp_for_event":"","_tribe_ticket_going_count":"","_tribe_ticket_not_going_count":"","_tribe_tickets_list":"[]","_tribe_ticket_has_attendee_info_fields":false,"footnotes":"","_links_to":"","_links_to_target":""},"categories":[547,426,310,399,309],"tags":[],"class_list":["post-63836","post","type-post","status-publish","format-standard","has-post-thumbnail","hentry","category-ano-2021","category-cfa","category-destaque-grande","category-institucional","category-ultimas-noticias","entry","has-media"],"_links":{"self":[{"href":"https:\/\/crarn.org.br\/index.php?rest_route=\/wp\/v2\/posts\/63836","targetHints":{"allow":["GET"]}}],"collection":[{"href":"https:\/\/crarn.org.br\/index.php?rest_route=\/wp\/v2\/posts"}],"about":[{"href":"https:\/\/crarn.org.br\/index.php?rest_route=\/wp\/v2\/types\/post"}],"author":[{"embeddable":true,"href":"https:\/\/crarn.org.br\/index.php?rest_route=\/wp\/v2\/users\/26"}],"replies":[{"embeddable":true,"href":"https:\/\/crarn.org.br\/index.php?rest_route=%2Fwp%2Fv2%2Fcomments&post=63836"}],"version-history":[{"count":1,"href":"https:\/\/crarn.org.br\/index.php?rest_route=\/wp\/v2\/posts\/63836\/revisions"}],"predecessor-version":[{"id":63838,"href":"https:\/\/crarn.org.br\/index.php?rest_route=\/wp\/v2\/posts\/63836\/revisions\/63838"}],"wp:featuredmedia":[{"embeddable":true,"href":"https:\/\/crarn.org.br\/index.php?rest_route=\/wp\/v2\/media\/63837"}],"wp:attachment":[{"href":"https:\/\/crarn.org.br\/index.php?rest_route=%2Fwp%2Fv2%2Fmedia&parent=63836"}],"wp:term":[{"taxonomy":"category","embeddable":true,"href":"https:\/\/crarn.org.br\/index.php?rest_route=%2Fwp%2Fv2%2Fcategories&post=63836"},{"taxonomy":"post_tag","embeddable":true,"href":"https:\/\/crarn.org.br\/index.php?rest_route=%2Fwp%2Fv2%2Ftags&post=63836"}],"curies":[{"name":"wp","href":"https:\/\/api.w.org\/{rel}","templated":true}]}}