{"id":63829,"date":"2021-08-09T16:10:32","date_gmt":"2021-08-09T19:10:32","guid":{"rendered":"https:\/\/crarn.org.br\/?p=63829"},"modified":"2021-08-09T16:10:36","modified_gmt":"2021-08-09T19:10:36","slug":"live-do-cfaplay-mostra-a-importancia-da-comunicacao-na-pratica","status":"publish","type":"post","link":"https:\/\/crarn.org.br\/?p=63829","title":{"rendered":"Live do CFAPlay mostra a import\u00e2ncia da comunica\u00e7\u00e3o na pr\u00e1tica"},"content":{"rendered":"\n<p>Quem acompanhou a live sobre orat\u00f3ria e express\u00e3o corporal, realizada pelo CFAPlay, na \u00faltima quarta-feira (4), gostou do que viu. N\u00e3o \u00e9 para menos, j\u00e1 que a transmiss\u00e3o contou com a intera\u00e7\u00e3o dos internautas e dicas sobre autocontrole, para lidar com nervosismo, desenvolvimento de racioc\u00ednio e t\u00e9cnicas para falar bem em p\u00fablico. Convidado para debater acerca do tema, o professor de orat\u00f3ria e fonoaudi\u00f3logo, Rodrigo Moreira, elencou pontos fundamentais na busca para se expressar bem e com excel\u00eancia na argumenta\u00e7\u00e3o.\u00a0<br \/><br \/>\u201cO segredo da boa orat\u00f3ria est\u00e1 no dom\u00ednio do conte\u00fado e uma capacidade de express\u00e1-lo de forma correta, seja do ponto de vista corporal e do desenvolvimento do racioc\u00ednio organizado e adaptado\u201d, destacou o especialista. <br \/><br \/><b>Ao vivo! <\/b><b><br \/><\/b><b><br \/><\/b>Ao longo da transmiss\u00e3o, Rodrigo tamb\u00e9m destacou a quest\u00e3o da representa\u00e7\u00e3o gestual, que quando utilizada com equil\u00edbrio, favorece o di\u00e1logo e permite ainda mais credibilidade e seguran\u00e7a na argumenta\u00e7\u00e3o. Confira um trecho da explica\u00e7\u00e3o no v\u00eddeo:<br \/><br \/><iframe id=\"player_1\" src=\"https:\/\/www.youtube.com\/embed\/omLh-VL8u7Y?enablejsapi=1&amp;wmode=opaque\" width=\"534\" height=\"300\" allowfullscreen=\"allowfullscreen\" data-mce-fragment=\"1\"><\/iframe><\/p>\n<p><b>CFAPlay! <\/b><b><br \/><\/b><b><br \/><\/b>Se voc\u00ea perdeu a live, n\u00e3o se preocupe. O conte\u00fado est\u00e1 dispon\u00edvel no canal do CFA, no YouTube. Acesse (<a href=\"http:\/\/cfaplay.org.br\" target=\"_blank\" rel=\"noopener\">clique aqui<\/a>), confira e acompanhe mais um conte\u00fado realizado pela C\u00e2mara de Comunica\u00e7\u00e3o e Marketing do CFA. Neste m\u00eas, n\u00f3s contaremos, ainda, com outras quatro transmiss\u00f5es. Veja:\u00a0<\/p>\n<blockquote>\n<p><strong>\u2013 12\/08: Palestra | O b\u00ea-a-b\u00e1 dos investimentos sob o seu controle! <br \/>\u2013 19\/08: Debate Qualificado | A import\u00e2ncia das administradoras na gest\u00e3o condominial <br \/>\u2013 25\/08: Webinar | Humaniza\u00e7\u00e3o na gest\u00e3o moderna dos neg\u00f3cios <br \/>\u2013 21\/08: Webinar | Comiss\u00e3o Especial ADM Mulher: Inova\u00e7\u00e3o e transforma\u00e7\u00e3o digital<\/strong><\/p>\n<\/blockquote>\n<p>Aproveite e inscreva-se no canal, ative o sininho, e fique por dentro de todas as novidades do Sistema CFA\/CRAs e da administra\u00e7\u00e3o p\u00fablica e privada do pa\u00eds, em tempo real. Transmiss\u00f5es ao vivo, entrevistas, podcasts, reportagens especiais e not\u00edcias de \u00faltima hora \u2013 voc\u00ea s\u00f3 encontra aqui! <br \/><br \/>CFAPlay, o seu canal da Administra\u00e7\u00e3o! <b><br \/><\/b> <b><br \/><\/b><b>Paulo Melo<\/b><b><br \/><\/b><b>Assessoria de Comunica\u00e7\u00e3o CFA <\/b><\/p>\n<button class=\"simplefavorite-button\" data-postid=\"63829\" data-siteid=\"1\" data-groupid=\"1\" data-favoritecount=\"0\" style=\"\">Favorite <i class=\"sf-icon-star-empty\"><\/i><\/button>","protected":false},"excerpt":{"rendered":"<p>Quem acompanhou a live sobre orat\u00f3ria e express\u00e3o corporal, realizada pelo CFAPlay, na \u00faltima quarta-feira (4), gostou do que viu. N\u00e3o \u00e9 para menos, j\u00e1 que a transmiss\u00e3o contou com a intera\u00e7\u00e3o dos internautas e dicas sobre autocontrole, para lidar com nervosismo, desenvolvimento de racioc\u00ednio e t\u00e9cnicas para falar bem em p\u00fablico. Convidado para debater<a class=\"read-more\" href=\"https:\/\/crarn.org.br\/?p=63829\"> [&hellip;]<\/a><\/p>\n","protected":false},"author":26,"featured_media":63830,"comment_status":"closed","ping_status":"open","sticky":true,"template":"","format":"standard","meta":{"_price":"","_stock":"","_tribe_ticket_header":"","_tribe_default_ticket_provider":"","_tribe_ticket_capacity":"0","_ticket_start_date":"","_ticket_end_date":"","_tribe_ticket_show_description":"","_tribe_ticket_show_not_going":false,"_tribe_ticket_use_global_stock":"","_tribe_ticket_global_stock_level":"","_global_stock_mode":"","_global_stock_cap":"","_tribe_rsvp_for_event":"","_tribe_ticket_going_count":"","_tribe_ticket_not_going_count":"","_tribe_tickets_list":"[]","_tribe_ticket_has_attendee_info_fields":false,"footnotes":"","_links_to":"","_links_to_target":""},"categories":[547,426,312,320,399,309],"tags":[],"class_list":["post-63829","post","type-post","status-publish","format-standard","has-post-thumbnail","hentry","category-ano-2021","category-cfa","category-destaque-pequeno-inferior","category-home","category-institucional","category-ultimas-noticias","entry","has-media"],"_links":{"self":[{"href":"https:\/\/crarn.org.br\/index.php?rest_route=\/wp\/v2\/posts\/63829","targetHints":{"allow":["GET"]}}],"collection":[{"href":"https:\/\/crarn.org.br\/index.php?rest_route=\/wp\/v2\/posts"}],"about":[{"href":"https:\/\/crarn.org.br\/index.php?rest_route=\/wp\/v2\/types\/post"}],"author":[{"embeddable":true,"href":"https:\/\/crarn.org.br\/index.php?rest_route=\/wp\/v2\/users\/26"}],"replies":[{"embeddable":true,"href":"https:\/\/crarn.org.br\/index.php?rest_route=%2Fwp%2Fv2%2Fcomments&post=63829"}],"version-history":[{"count":1,"href":"https:\/\/crarn.org.br\/index.php?rest_route=\/wp\/v2\/posts\/63829\/revisions"}],"predecessor-version":[{"id":63831,"href":"https:\/\/crarn.org.br\/index.php?rest_route=\/wp\/v2\/posts\/63829\/revisions\/63831"}],"wp:featuredmedia":[{"embeddable":true,"href":"https:\/\/crarn.org.br\/index.php?rest_route=\/wp\/v2\/media\/63830"}],"wp:attachment":[{"href":"https:\/\/crarn.org.br\/index.php?rest_route=%2Fwp%2Fv2%2Fmedia&parent=63829"}],"wp:term":[{"taxonomy":"category","embeddable":true,"href":"https:\/\/crarn.org.br\/index.php?rest_route=%2Fwp%2Fv2%2Fcategories&post=63829"},{"taxonomy":"post_tag","embeddable":true,"href":"https:\/\/crarn.org.br\/index.php?rest_route=%2Fwp%2Fv2%2Ftags&post=63829"}],"curies":[{"name":"wp","href":"https:\/\/api.w.org\/{rel}","templated":true}]}}