{"id":63769,"date":"2021-07-08T12:20:50","date_gmt":"2021-07-08T15:20:50","guid":{"rendered":"https:\/\/crarn.org.br\/?p=63769"},"modified":"2021-07-08T12:20:53","modified_gmt":"2021-07-08T15:20:53","slug":"diretoria-do-cra-rn-discute-acoes-e-projetos","status":"publish","type":"post","link":"https:\/\/crarn.org.br\/?p=63769","title":{"rendered":"Diretoria do CRA-RN discute a\u00e7\u00f5es e projetos"},"content":{"rendered":"\n<p>\u00a0<\/p>\n<p>Nesta quinta-feira (08\/07), a diretoria do CRA-RN esteve reunida deliberando sobre assuntos relativos ao funcionamento do regional e aos servi\u00e7os prestados aos profissionais de administra\u00e7\u00e3o.<\/p>\n<p>O encontro foi realizado de forma presencial \u2013 respeitando todos os procedimentos de seguran\u00e7a sanit\u00e1ria \u2013 e contou com a participa\u00e7\u00e3o do presidente, Fl\u00e1vio Em\u00edlio Cavalcanti; vice-presidente, Rodrigo Fortunato; diretora Administrativa Financeira, Kate Maciel; diretor de Fiscaliza\u00e7\u00e3o e Registro, Di\u00eago Dantas e diretora de Forma\u00e7\u00e3o Profissional, Isabella Mendon\u00e7a.<\/p>\n<p>Entre os assuntos apresentados est\u00e3o a campanha de Renegocia\u00e7\u00e3o de D\u00e9bitos; parcerias para o Clube de Benef\u00edcios; Projeto de Interioriza\u00e7\u00e3o e programa\u00e7\u00e3o para o m\u00eas do Administrador, al\u00e9m das delibera\u00e7\u00f5es e encaminhamentos de rotina.<\/p>\n<button class=\"simplefavorite-button\" data-postid=\"63769\" data-siteid=\"1\" data-groupid=\"1\" data-favoritecount=\"0\" style=\"\">Favorite <i class=\"sf-icon-star-empty\"><\/i><\/button>","protected":false},"excerpt":{"rendered":"<p>\u00a0 Nesta quinta-feira (08\/07), a diretoria do CRA-RN esteve reunida deliberando sobre assuntos relativos ao funcionamento do regional e aos servi\u00e7os prestados aos profissionais de administra\u00e7\u00e3o. O encontro foi realizado de forma presencial \u2013 respeitando todos os procedimentos de seguran\u00e7a sanit\u00e1ria \u2013 e contou com a participa\u00e7\u00e3o do presidente, Fl\u00e1vio Em\u00edlio Cavalcanti; vice-presidente, Rodrigo Fortunato;<a class=\"read-more\" href=\"https:\/\/crarn.org.br\/?p=63769\"> [&hellip;]<\/a><\/p>\n","protected":false},"author":26,"featured_media":63770,"comment_status":"closed","ping_status":"open","sticky":true,"template":"","format":"standard","meta":{"_price":"","_stock":"","_tribe_ticket_header":"","_tribe_default_ticket_provider":"","_tribe_ticket_capacity":"0","_ticket_start_date":"","_ticket_end_date":"","_tribe_ticket_show_description":"","_tribe_ticket_show_not_going":false,"_tribe_ticket_use_global_stock":"","_tribe_ticket_global_stock_level":"","_global_stock_mode":"","_global_stock_cap":"","_tribe_rsvp_for_event":"","_tribe_ticket_going_count":"","_tribe_ticket_not_going_count":"","_tribe_tickets_list":"[]","_tribe_ticket_has_attendee_info_fields":false,"footnotes":"","_links_to":"","_links_to_target":""},"categories":[547,312,320,399,309],"tags":[],"class_list":["post-63769","post","type-post","status-publish","format-standard","has-post-thumbnail","hentry","category-ano-2021","category-destaque-pequeno-inferior","category-home","category-institucional","category-ultimas-noticias","entry","has-media"],"_links":{"self":[{"href":"https:\/\/crarn.org.br\/index.php?rest_route=\/wp\/v2\/posts\/63769","targetHints":{"allow":["GET"]}}],"collection":[{"href":"https:\/\/crarn.org.br\/index.php?rest_route=\/wp\/v2\/posts"}],"about":[{"href":"https:\/\/crarn.org.br\/index.php?rest_route=\/wp\/v2\/types\/post"}],"author":[{"embeddable":true,"href":"https:\/\/crarn.org.br\/index.php?rest_route=\/wp\/v2\/users\/26"}],"replies":[{"embeddable":true,"href":"https:\/\/crarn.org.br\/index.php?rest_route=%2Fwp%2Fv2%2Fcomments&post=63769"}],"version-history":[{"count":1,"href":"https:\/\/crarn.org.br\/index.php?rest_route=\/wp\/v2\/posts\/63769\/revisions"}],"predecessor-version":[{"id":63771,"href":"https:\/\/crarn.org.br\/index.php?rest_route=\/wp\/v2\/posts\/63769\/revisions\/63771"}],"wp:featuredmedia":[{"embeddable":true,"href":"https:\/\/crarn.org.br\/index.php?rest_route=\/wp\/v2\/media\/63770"}],"wp:attachment":[{"href":"https:\/\/crarn.org.br\/index.php?rest_route=%2Fwp%2Fv2%2Fmedia&parent=63769"}],"wp:term":[{"taxonomy":"category","embeddable":true,"href":"https:\/\/crarn.org.br\/index.php?rest_route=%2Fwp%2Fv2%2Fcategories&post=63769"},{"taxonomy":"post_tag","embeddable":true,"href":"https:\/\/crarn.org.br\/index.php?rest_route=%2Fwp%2Fv2%2Ftags&post=63769"}],"curies":[{"name":"wp","href":"https:\/\/api.w.org\/{rel}","templated":true}]}}