{"id":63765,"date":"2021-07-07T13:59:51","date_gmt":"2021-07-07T16:59:51","guid":{"rendered":"https:\/\/crarn.org.br\/?p=63765"},"modified":"2021-07-07T13:59:54","modified_gmt":"2021-07-07T16:59:54","slug":"cfa-reconhecera-boas-praticas-de-gestao-participe-e-concorra-a-premios","status":"publish","type":"post","link":"https:\/\/crarn.org.br\/?p=63765","title":{"rendered":"CFA reconhecer\u00e1 boas pr\u00e1ticas de gest\u00e3o. Participe e concorra a pr\u00eamios!"},"content":{"rendered":"\n<p>Preocupado em valorizar os trabalhos que sirvam de refer\u00eancia ou inspira\u00e7\u00e3o para outras iniciativas no ramo da profiss\u00e3o, o Conselho Federal de Administra\u00e7\u00e3o (CFA) lan\u00e7a mais uma edi\u00e7\u00e3o do Pr\u00eamio CFA Guerreiro Ramos. Ent\u00e3o, se voc\u00ea \u00e9 respons\u00e1vel por boas pr\u00e1ticas de gest\u00e3o ou autor de pesquisas cient\u00edficas capazes de transformar e aperfei\u00e7oar a Administra\u00e7\u00e3o P\u00fablica do pa\u00eds, voc\u00ea est\u00e1 no lugar certo.<\/p>\n<p>\u201cO pr\u00eamio \u00e9 uma forma de contribuir para o desenvolvimento do Brasil, mensurando os resultados obtidos por meio de cada trabalhador inscrito em nosso projeto. Ou seja, captar casos de sucesso e ter a possibilidade de aplicar o que deu certo \u2013 na Administra\u00e7\u00e3o p\u00fablica de estados e munic\u00edpios. Esse ser\u00e1 um marco importante na gest\u00e3o, inclus\u00e3o e desenvolvimento de pol\u00edticas p\u00fablicas do pa\u00eds, e o Sistema CFA\/CRAs n\u00e3o poderia deixar de dar a sua contribui\u00e7\u00e3o e ser parte de todo esse processo\u201d, afirmou o diretor de Gest\u00e3o P\u00fablica do CFA, F\u00e1bio Mendes Macedo.\u00a0<\/p>\n<p>Os trabalhos inscritos devem estar relacionados ao tema central do concurso, que trata da \u201cGest\u00e3o em Tempos Desafiadores\u200b\u201c. Para participar, \u00e9 necess\u00e1rio ser estudante ou profissional de administra\u00e7\u00e3o \u2013 com registro no CRA \u2013 e ter a inscri\u00e7\u00e3o realizada entre o per\u00edodo de 05 de julho a 05 de outubro de 2021. (<a href=\"https:\/\/cfa.org.br\/premio-cfa-guerreiro-ramos-edicao-2021\/\">Clique<\/a> e inscreva-se).<\/p>\n<p>Participe!<\/p>\n<p>Os participantes poder\u00e3o concorrer em duas categorias:<\/p>\n<ul>\n<li>Pesquisa Cient\u00edfica: ser\u00e3o reconhecidos os trabalhos melhor avaliados que evidenciem um conjunto de procedimentos sistem\u00e1ticos baseados em m\u00e9todos cient\u00edficos, capazes de produzir conhecimentos e encontrar solu\u00e7\u00f5es relacionadas a problemas da gest\u00e3o p\u00fablica.<\/li>\n<li>Pr\u00e1ticas Inovadoras: ser\u00e3o reconhecidos os trabalhos melhor avaliados que evidenciem pr\u00e1ticas inovadoras de gest\u00e3o p\u00fablica, cujos resultados tenham contribu\u00eddo efetivamente para a melhoria da presta\u00e7\u00e3o de servi\u00e7os, com cria\u00e7\u00e3o de valor p\u00fablico.<\/li>\n<\/ul>\n<p>Para mais informa\u00e7\u00f5es relacionadas \u00e0 participa\u00e7\u00e3o, inscri\u00e7\u00e3o, elegibilidade, crit\u00e9rios de avalia\u00e7\u00e3o e premia\u00e7\u00e3o \u2013 acesse o edital. (<a href=\"https:\/\/cfa.org.br\/premio-cfa-guerreiro-ramos-edicao-2021\/\">Aqui<\/a>).<\/p>\n<p>\u00a0<\/p>\n<p>Paulo Melo<\/p>\n<p>Assessoria de Comunica\u00e7\u00e3o CFA<\/p>\n<button class=\"simplefavorite-button\" data-postid=\"63765\" data-siteid=\"1\" data-groupid=\"1\" data-favoritecount=\"0\" style=\"\">Favorite <i class=\"sf-icon-star-empty\"><\/i><\/button>","protected":false},"excerpt":{"rendered":"<p>Preocupado em valorizar os trabalhos que sirvam de refer\u00eancia ou inspira\u00e7\u00e3o para outras iniciativas no ramo da profiss\u00e3o, o Conselho Federal de Administra\u00e7\u00e3o (CFA) lan\u00e7a mais uma edi\u00e7\u00e3o do Pr\u00eamio CFA Guerreiro Ramos. Ent\u00e3o, se voc\u00ea \u00e9 respons\u00e1vel por boas pr\u00e1ticas de gest\u00e3o ou autor de pesquisas cient\u00edficas capazes de transformar e aperfei\u00e7oar a Administra\u00e7\u00e3o<a class=\"read-more\" href=\"https:\/\/crarn.org.br\/?p=63765\"> [&hellip;]<\/a><\/p>\n","protected":false},"author":26,"featured_media":63766,"comment_status":"closed","ping_status":"open","sticky":true,"template":"","format":"standard","meta":{"_price":"","_stock":"","_tribe_ticket_header":"","_tribe_default_ticket_provider":"","_tribe_ticket_capacity":"0","_ticket_start_date":"","_ticket_end_date":"","_tribe_ticket_show_description":"","_tribe_ticket_show_not_going":false,"_tribe_ticket_use_global_stock":"","_tribe_ticket_global_stock_level":"","_global_stock_mode":"","_global_stock_cap":"","_tribe_rsvp_for_event":"","_tribe_ticket_going_count":"","_tribe_ticket_not_going_count":"","_tribe_tickets_list":"[]","_tribe_ticket_has_attendee_info_fields":false,"footnotes":"","_links_to":"","_links_to_target":""},"categories":[547,426,310,399,309],"tags":[],"class_list":["post-63765","post","type-post","status-publish","format-standard","has-post-thumbnail","hentry","category-ano-2021","category-cfa","category-destaque-grande","category-institucional","category-ultimas-noticias","entry","has-media"],"_links":{"self":[{"href":"https:\/\/crarn.org.br\/index.php?rest_route=\/wp\/v2\/posts\/63765","targetHints":{"allow":["GET"]}}],"collection":[{"href":"https:\/\/crarn.org.br\/index.php?rest_route=\/wp\/v2\/posts"}],"about":[{"href":"https:\/\/crarn.org.br\/index.php?rest_route=\/wp\/v2\/types\/post"}],"author":[{"embeddable":true,"href":"https:\/\/crarn.org.br\/index.php?rest_route=\/wp\/v2\/users\/26"}],"replies":[{"embeddable":true,"href":"https:\/\/crarn.org.br\/index.php?rest_route=%2Fwp%2Fv2%2Fcomments&post=63765"}],"version-history":[{"count":2,"href":"https:\/\/crarn.org.br\/index.php?rest_route=\/wp\/v2\/posts\/63765\/revisions"}],"predecessor-version":[{"id":63768,"href":"https:\/\/crarn.org.br\/index.php?rest_route=\/wp\/v2\/posts\/63765\/revisions\/63768"}],"wp:featuredmedia":[{"embeddable":true,"href":"https:\/\/crarn.org.br\/index.php?rest_route=\/wp\/v2\/media\/63766"}],"wp:attachment":[{"href":"https:\/\/crarn.org.br\/index.php?rest_route=%2Fwp%2Fv2%2Fmedia&parent=63765"}],"wp:term":[{"taxonomy":"category","embeddable":true,"href":"https:\/\/crarn.org.br\/index.php?rest_route=%2Fwp%2Fv2%2Fcategories&post=63765"},{"taxonomy":"post_tag","embeddable":true,"href":"https:\/\/crarn.org.br\/index.php?rest_route=%2Fwp%2Fv2%2Ftags&post=63765"}],"curies":[{"name":"wp","href":"https:\/\/api.w.org\/{rel}","templated":true}]}}