{"id":63742,"date":"2021-07-02T13:39:11","date_gmt":"2021-07-02T16:39:11","guid":{"rendered":"https:\/\/crarn.org.br\/?p=63742"},"modified":"2021-07-02T13:39:14","modified_gmt":"2021-07-02T16:39:14","slug":"adm-mulher-discute-o-impacto-das-geracoes-nos-modelos-de-gestao","status":"publish","type":"post","link":"https:\/\/crarn.org.br\/?p=63742","title":{"rendered":"ADM Mulher discute o impacto das gera\u00e7\u00f5es nos modelos de gest\u00e3o"},"content":{"rendered":"\n<p>Na pr\u00f3xima ter\u00e7a-feira (06\/07), a Comiss\u00e3o ADM Mulher do CRA-RN promove a live com a administradora, mentora, professora de Empreendedorismo, palestrante, articulista e conselheira federal suplente por Minas Gerais, Zarinha Martins.<\/p>\n<p>A administradora e membro da comiss\u00e3o, Simone Rom\u00e3o participa da conversa sobre o tema \u201cComo as novas gera\u00e7\u00f5es est\u00e3o impactando os modelos de gest\u00e3o\u201d.<\/p>\n<p>Anote na agenda: ter\u00e7a-feira, \u00e0s 19h, no instagran @cra_rnoficial.<\/p>\n<button class=\"simplefavorite-button\" data-postid=\"63742\" data-siteid=\"1\" data-groupid=\"1\" data-favoritecount=\"0\" style=\"\">Favorite <i class=\"sf-icon-star-empty\"><\/i><\/button>","protected":false},"excerpt":{"rendered":"<p>Na pr\u00f3xima ter\u00e7a-feira (06\/07), a Comiss\u00e3o ADM Mulher do CRA-RN promove a live com a administradora, mentora, professora de Empreendedorismo, palestrante, articulista e conselheira federal suplente por Minas Gerais, Zarinha Martins. A administradora e membro da comiss\u00e3o, Simone Rom\u00e3o participa da conversa sobre o tema \u201cComo as novas gera\u00e7\u00f5es est\u00e3o impactando os modelos de gest\u00e3o\u201d.<a class=\"read-more\" href=\"https:\/\/crarn.org.br\/?p=63742\"> [&hellip;]<\/a><\/p>\n","protected":false},"author":26,"featured_media":63743,"comment_status":"closed","ping_status":"open","sticky":true,"template":"","format":"standard","meta":{"_price":"","_stock":"","_tribe_ticket_header":"","_tribe_default_ticket_provider":"","_tribe_ticket_capacity":"0","_ticket_start_date":"","_ticket_end_date":"","_tribe_ticket_show_description":"","_tribe_ticket_show_not_going":false,"_tribe_ticket_use_global_stock":"","_tribe_ticket_global_stock_level":"","_global_stock_mode":"","_global_stock_cap":"","_tribe_rsvp_for_event":"","_tribe_ticket_going_count":"","_tribe_ticket_not_going_count":"","_tribe_tickets_list":"[]","_tribe_ticket_has_attendee_info_fields":false,"footnotes":"","_links_to":"","_links_to_target":""},"categories":[547,310,399,309],"tags":[],"class_list":["post-63742","post","type-post","status-publish","format-standard","has-post-thumbnail","hentry","category-ano-2021","category-destaque-grande","category-institucional","category-ultimas-noticias","entry","has-media"],"_links":{"self":[{"href":"https:\/\/crarn.org.br\/index.php?rest_route=\/wp\/v2\/posts\/63742","targetHints":{"allow":["GET"]}}],"collection":[{"href":"https:\/\/crarn.org.br\/index.php?rest_route=\/wp\/v2\/posts"}],"about":[{"href":"https:\/\/crarn.org.br\/index.php?rest_route=\/wp\/v2\/types\/post"}],"author":[{"embeddable":true,"href":"https:\/\/crarn.org.br\/index.php?rest_route=\/wp\/v2\/users\/26"}],"replies":[{"embeddable":true,"href":"https:\/\/crarn.org.br\/index.php?rest_route=%2Fwp%2Fv2%2Fcomments&post=63742"}],"version-history":[{"count":1,"href":"https:\/\/crarn.org.br\/index.php?rest_route=\/wp\/v2\/posts\/63742\/revisions"}],"predecessor-version":[{"id":63744,"href":"https:\/\/crarn.org.br\/index.php?rest_route=\/wp\/v2\/posts\/63742\/revisions\/63744"}],"wp:featuredmedia":[{"embeddable":true,"href":"https:\/\/crarn.org.br\/index.php?rest_route=\/wp\/v2\/media\/63743"}],"wp:attachment":[{"href":"https:\/\/crarn.org.br\/index.php?rest_route=%2Fwp%2Fv2%2Fmedia&parent=63742"}],"wp:term":[{"taxonomy":"category","embeddable":true,"href":"https:\/\/crarn.org.br\/index.php?rest_route=%2Fwp%2Fv2%2Fcategories&post=63742"},{"taxonomy":"post_tag","embeddable":true,"href":"https:\/\/crarn.org.br\/index.php?rest_route=%2Fwp%2Fv2%2Ftags&post=63742"}],"curies":[{"name":"wp","href":"https:\/\/api.w.org\/{rel}","templated":true}]}}