{"id":63736,"date":"2021-06-30T15:38:48","date_gmt":"2021-06-30T18:38:48","guid":{"rendered":"https:\/\/crarn.org.br\/?p=63736"},"modified":"2021-07-05T14:21:09","modified_gmt":"2021-07-05T17:21:09","slug":"empresas-prestadoras-de-servicos-sao-alvo-da-fiscalizacao-do-cra-rn","status":"publish","type":"post","link":"https:\/\/crarn.org.br\/?p=63736","title":{"rendered":"Empresas prestadoras de servi\u00e7os s\u00e3o alvo da fiscaliza\u00e7\u00e3o do CRA-RN"},"content":{"rendered":"\n<p>A Fiscaliza\u00e7\u00e3o do CRA-RN fecha o primeiro semestre de 2021 com diversas a\u00e7\u00f5es importantes com o objetivo de combater o exerc\u00edcio ilegal da atividade no campo de atua\u00e7\u00e3o do Administrador.<\/p>\n<p>Nos \u00faltimos anos, o regional vem investindo no trabalho junto \u00e0s prestadoras de servi\u00e7os, em especial nas \u00e1reas de consultoria em gest\u00e3o, treinamento e desenvolvimento gerencial, factoring e administra\u00e7\u00e3o de condom\u00ednios como atividades que requerem conhecimentos t\u00e9cnicos especializados da \u00e1rea da Administra\u00e7\u00e3o, devidamente regulamentados por Lei.<\/p>\n<p>A presta\u00e7\u00e3o de servi\u00e7os em \u00e1reas da Administra\u00e7\u00e3o requer habilita\u00e7\u00e3o t\u00e9cnica expedida pelo CRA, fundamentada no registro da empresa e na anota\u00e7\u00e3o de sua responsabilidade t\u00e9cnica por profissional devidamente registrado e habilitado.<\/p>\n<p>Durante a a\u00e7\u00e3o fiscalizat\u00f3ria, v\u00e1rias empresas foram consideradas inaptas \u00e0 presta\u00e7\u00e3o desses servi\u00e7os, sendo, ent\u00e3o, intimadas, a prestar esclarecimentos ou autuadas por aus\u00eancia do registro no CRA-RN.<\/p>\n<p>A repercuss\u00e3o da atua\u00e7\u00e3o do conselho vem sendo bastante positiva. O administrador Tadeu Fernando, que atua na CAERN, considera de grande import\u00e2ncia este tipo de a\u00e7\u00e3o. Para ele, a atividade gerencial n\u00e3o pode ser relativizada ou minimizada. \u201cFiscaliza\u00e7\u00e3o existe e deve funcionar pra coibir essas pr\u00e1ticas de improviso. Levo a s\u00e9rio demais a minha profiss\u00e3o e n\u00e3o permito me ver em p\u00e9 de igualdade com quem n\u00e3o segue o que a lei estabelece\u201d, destacou.<\/p>\n<p>Para o segundo semestre de 2021, a equipe de fiscaliza\u00e7\u00e3o ter\u00e1 como foco outras atividades econ\u00f4micas, incluindo as assessorias em licita\u00e7\u00f5es, empresas de marketing e de log\u00edstica.<\/p>\n<p>&nbsp;<\/p>\n<button class=\"simplefavorite-button\" data-postid=\"63736\" data-siteid=\"1\" data-groupid=\"1\" data-favoritecount=\"0\" style=\"\">Favorite <i class=\"sf-icon-star-empty\"><\/i><\/button>","protected":false},"excerpt":{"rendered":"<p>A Fiscaliza\u00e7\u00e3o do CRA-RN fecha o primeiro semestre de 2021 com diversas a\u00e7\u00f5es importantes com o objetivo de combater o exerc\u00edcio ilegal da atividade no campo de atua\u00e7\u00e3o do Administrador. Nos \u00faltimos anos, o regional vem investindo no trabalho junto \u00e0s prestadoras de servi\u00e7os, em especial nas \u00e1reas de consultoria em gest\u00e3o, treinamento e desenvolvimento<a class=\"read-more\" href=\"https:\/\/crarn.org.br\/?p=63736\"> [&hellip;]<\/a><\/p>\n","protected":false},"author":26,"featured_media":63739,"comment_status":"closed","ping_status":"open","sticky":true,"template":"","format":"standard","meta":{"_price":"","_stock":"","_tribe_ticket_header":"","_tribe_default_ticket_provider":"","_tribe_ticket_capacity":"0","_ticket_start_date":"","_ticket_end_date":"","_tribe_ticket_show_description":"","_tribe_ticket_show_not_going":false,"_tribe_ticket_use_global_stock":"","_tribe_ticket_global_stock_level":"","_global_stock_mode":"","_global_stock_cap":"","_tribe_rsvp_for_event":"","_tribe_ticket_going_count":"","_tribe_ticket_not_going_count":"","_tribe_tickets_list":"[]","_tribe_ticket_has_attendee_info_fields":false,"footnotes":"","_links_to":"","_links_to_target":""},"categories":[547,311,399,309],"tags":[],"class_list":["post-63736","post","type-post","status-publish","format-standard","has-post-thumbnail","hentry","category-ano-2021","category-destaque-pequeno-superior","category-institucional","category-ultimas-noticias","entry","has-media"],"_links":{"self":[{"href":"https:\/\/crarn.org.br\/index.php?rest_route=\/wp\/v2\/posts\/63736","targetHints":{"allow":["GET"]}}],"collection":[{"href":"https:\/\/crarn.org.br\/index.php?rest_route=\/wp\/v2\/posts"}],"about":[{"href":"https:\/\/crarn.org.br\/index.php?rest_route=\/wp\/v2\/types\/post"}],"author":[{"embeddable":true,"href":"https:\/\/crarn.org.br\/index.php?rest_route=\/wp\/v2\/users\/26"}],"replies":[{"embeddable":true,"href":"https:\/\/crarn.org.br\/index.php?rest_route=%2Fwp%2Fv2%2Fcomments&post=63736"}],"version-history":[{"count":2,"href":"https:\/\/crarn.org.br\/index.php?rest_route=\/wp\/v2\/posts\/63736\/revisions"}],"predecessor-version":[{"id":63740,"href":"https:\/\/crarn.org.br\/index.php?rest_route=\/wp\/v2\/posts\/63736\/revisions\/63740"}],"wp:featuredmedia":[{"embeddable":true,"href":"https:\/\/crarn.org.br\/index.php?rest_route=\/wp\/v2\/media\/63739"}],"wp:attachment":[{"href":"https:\/\/crarn.org.br\/index.php?rest_route=%2Fwp%2Fv2%2Fmedia&parent=63736"}],"wp:term":[{"taxonomy":"category","embeddable":true,"href":"https:\/\/crarn.org.br\/index.php?rest_route=%2Fwp%2Fv2%2Fcategories&post=63736"},{"taxonomy":"post_tag","embeddable":true,"href":"https:\/\/crarn.org.br\/index.php?rest_route=%2Fwp%2Fv2%2Ftags&post=63736"}],"curies":[{"name":"wp","href":"https:\/\/api.w.org\/{rel}","templated":true}]}}