{"id":63732,"date":"2021-06-29T12:45:33","date_gmt":"2021-06-29T15:45:33","guid":{"rendered":"https:\/\/crarn.org.br\/?p=63732"},"modified":"2021-07-05T14:20:51","modified_gmt":"2021-07-05T17:20:51","slug":"cargos-restritos-da-administracao-exigem-registro-no-cra","status":"publish","type":"post","link":"https:\/\/crarn.org.br\/?p=63732","title":{"rendered":"Cargos restritos da Administra\u00e7\u00e3o exigem registro no CRA"},"content":{"rendered":"\n<p>Em mais uma decis\u00e3o da Justi\u00e7a, alcan\u00e7ada pelo Conselho Regional de Administra\u00e7\u00e3o de S\u00e3o Paulo (CRA-SP), o Sistema CFA\/CRAs provou que n\u00e3o admite o exerc\u00edcio ilegal da profiss\u00e3o.<\/p>\n<p>Na \u00faltima decis\u00e3o da ju\u00edza Cristiane Farias Rodrigues dos Santos, da 9\u00aa Vara C\u00edvel Federal de S\u00e3o Paulo, ficou claro que, em caso de cargos p\u00fablicos acess\u00edveis a portadores de diploma de qualquer \u00e1rea, o registro profissional n\u00e3o \u00e9 necess\u00e1rio. Contudo, quando se trata de postos espec\u00edficos a detentores de determinada profiss\u00e3o regulamentada, \u00e0 luz da legisla\u00e7\u00e3o da respectiva carreira e do edital do concurso p\u00fablico, \u00e9 sim exigido do servidor integrar determinada profiss\u00e3o.<\/p>\n<p>O caso mais recente<\/p>\n<p>Ap\u00f3s ter pedido administrativo de cancelamento do registro negado pelo Conselho Regional de Administra\u00e7\u00e3o de S\u00e3o Paulo (CRA-SP), o administrador solicitante entrou com Mandado de Seguran\u00e7a em face do presidente do regional.<\/p>\n<p>No documento, o profissional requereu a concess\u00e3o de medida liminar para suspender a exigibilidade da anuidade do ano de 2020 e o cancelamento de seu registro perante o CRA por \u201cser funcion\u00e1rio p\u00fablico na Prefeitura Municipal de Indaiatuba\/SP lotado na Controladoria Geral do Munic\u00edpio, exercendo a fun\u00e7\u00e3o de Diretor de Departamento, como funcion\u00e1rio concursado desde 14\/09\/2011\u201d. Alegou que n\u00e3o est\u00e1 obrigado a se manter filiado ao regional, visto que n\u00e3o desempenha servi\u00e7os de administra\u00e7\u00e3o.<\/p>\n<p>A ju\u00edza indeferiu a liminar, sob o argumento de que \u201ccom base nos documentos apresentados, n\u00e3o \u00e9 poss\u00edvel verificar, de plano, a plausibilidade do direito invocado\u201d. O CRA-SP apresentou informa\u00e7\u00f5es e o processo foi concluso para julgamento.<\/p>\n<p>Ao proferir a senten\u00e7a, a magistrada afirmou que, de acordo com o parecer do Conselho, \u201co cargo ocupado pelo impetrante \u00e9 privativo de n\u00edvel superior completo em Administra\u00e7\u00e3o, Direito, Ci\u00eancias Cont\u00e1beis ou Economia de registro na \u00e1rea\u201d. Assim, a solicita\u00e7\u00e3o do profissional foi considerada indevida e indeferida, sendo mantidos a exig\u00eancia da anuidade do ano de 2020 e o registro no CRA do estado.<\/p>\n<p>\u00a0<\/p>\n<p>Assessoria de Comunica\u00e7\u00e3o CFA, com informa\u00e7\u00f5es da C\u00e2mara de Fiscaliza\u00e7\u00e3o e Registro (CFR) do CFA.<\/p>\n<button class=\"simplefavorite-button\" data-postid=\"63732\" data-siteid=\"1\" data-groupid=\"1\" data-favoritecount=\"0\" style=\"\">Favorite <i class=\"sf-icon-star-empty\"><\/i><\/button>","protected":false},"excerpt":{"rendered":"<p>Em mais uma decis\u00e3o da Justi\u00e7a, alcan\u00e7ada pelo Conselho Regional de Administra\u00e7\u00e3o de S\u00e3o Paulo (CRA-SP), o Sistema CFA\/CRAs provou que n\u00e3o admite o exerc\u00edcio ilegal da profiss\u00e3o. Na \u00faltima decis\u00e3o da ju\u00edza Cristiane Farias Rodrigues dos Santos, da 9\u00aa Vara C\u00edvel Federal de S\u00e3o Paulo, ficou claro que, em caso de cargos p\u00fablicos acess\u00edveis<a class=\"read-more\" href=\"https:\/\/crarn.org.br\/?p=63732\"> [&hellip;]<\/a><\/p>\n","protected":false},"author":26,"featured_media":63733,"comment_status":"closed","ping_status":"open","sticky":true,"template":"","format":"standard","meta":{"_price":"","_stock":"","_tribe_ticket_header":"","_tribe_default_ticket_provider":"","_tribe_ticket_capacity":"0","_ticket_start_date":"","_ticket_end_date":"","_tribe_ticket_show_description":"","_tribe_ticket_show_not_going":false,"_tribe_ticket_use_global_stock":"","_tribe_ticket_global_stock_level":"","_global_stock_mode":"","_global_stock_cap":"","_tribe_rsvp_for_event":"","_tribe_ticket_going_count":"","_tribe_ticket_not_going_count":"","_tribe_tickets_list":"[]","_tribe_ticket_has_attendee_info_fields":false,"footnotes":"","_links_to":"","_links_to_target":""},"categories":[547,426,312,399,309],"tags":[],"class_list":["post-63732","post","type-post","status-publish","format-standard","has-post-thumbnail","hentry","category-ano-2021","category-cfa","category-destaque-pequeno-inferior","category-institucional","category-ultimas-noticias","entry","has-media"],"_links":{"self":[{"href":"https:\/\/crarn.org.br\/index.php?rest_route=\/wp\/v2\/posts\/63732","targetHints":{"allow":["GET"]}}],"collection":[{"href":"https:\/\/crarn.org.br\/index.php?rest_route=\/wp\/v2\/posts"}],"about":[{"href":"https:\/\/crarn.org.br\/index.php?rest_route=\/wp\/v2\/types\/post"}],"author":[{"embeddable":true,"href":"https:\/\/crarn.org.br\/index.php?rest_route=\/wp\/v2\/users\/26"}],"replies":[{"embeddable":true,"href":"https:\/\/crarn.org.br\/index.php?rest_route=%2Fwp%2Fv2%2Fcomments&post=63732"}],"version-history":[{"count":1,"href":"https:\/\/crarn.org.br\/index.php?rest_route=\/wp\/v2\/posts\/63732\/revisions"}],"predecessor-version":[{"id":63734,"href":"https:\/\/crarn.org.br\/index.php?rest_route=\/wp\/v2\/posts\/63732\/revisions\/63734"}],"wp:featuredmedia":[{"embeddable":true,"href":"https:\/\/crarn.org.br\/index.php?rest_route=\/wp\/v2\/media\/63733"}],"wp:attachment":[{"href":"https:\/\/crarn.org.br\/index.php?rest_route=%2Fwp%2Fv2%2Fmedia&parent=63732"}],"wp:term":[{"taxonomy":"category","embeddable":true,"href":"https:\/\/crarn.org.br\/index.php?rest_route=%2Fwp%2Fv2%2Fcategories&post=63732"},{"taxonomy":"post_tag","embeddable":true,"href":"https:\/\/crarn.org.br\/index.php?rest_route=%2Fwp%2Fv2%2Ftags&post=63732"}],"curies":[{"name":"wp","href":"https:\/\/api.w.org\/{rel}","templated":true}]}}