{"id":63727,"date":"2021-06-28T14:13:06","date_gmt":"2021-06-28T17:13:06","guid":{"rendered":"https:\/\/crarn.org.br\/?p=63727"},"modified":"2021-06-28T14:13:09","modified_gmt":"2021-06-28T17:13:09","slug":"representante-do-cra-rn-participa-de-reuniao-da-jucern","status":"publish","type":"post","link":"https:\/\/crarn.org.br\/?p=63727","title":{"rendered":"Representante do CRA-RN participa de reuni\u00e3o da Jucern"},"content":{"rendered":"\n<p>A conselheira Alice Dantas, representante do CRA-RN junto \u00e0 Junta Comercial do RN, empossada recentemente, j\u00e1 est\u00e1 participando das reuni\u00f5es do Col\u00e9gio de Vogais da autarquia.<\/p>\n<p>No \u00faltimo dia 21 de junho, foi realizada a primeira reuni\u00e3o onde o CRA-RN teve assento na entidade. Entre os assuntos discutidos, foi apresentada a Resolu\u00e7\u00e3o Normativa que regulamenta os procedimentos para elabora\u00e7\u00e3o e tramita\u00e7\u00e3o de instrumentos de coopera\u00e7\u00e3o a serem celebrados pela JUCERN com outros \u00f3rg\u00e3os ou entidades.<\/p>\n<p>A Instru\u00e7\u00e3o Normativa tem como objetivo padronizar as parcerias firmadas com institui\u00e7\u00f5es para o fornecimento de informa\u00e7\u00f5es relevantes sobre o registro empresarial, o que se torna necess\u00e1rio para desburocratizar e garantir o bom uso dos dados e a integridade da informa\u00e7\u00e3o.<\/p>\n<p>Nesta ter\u00e7a-feira (29\/06), a representante do CRA-RN participa de uma nova reuni\u00e3o do Col\u00e9gio de Vogais da entidade.<\/p>\n<button class=\"simplefavorite-button\" data-postid=\"63727\" data-siteid=\"1\" data-groupid=\"1\" data-favoritecount=\"0\" style=\"\">Favorite <i class=\"sf-icon-star-empty\"><\/i><\/button>","protected":false},"excerpt":{"rendered":"<p>A conselheira Alice Dantas, representante do CRA-RN junto \u00e0 Junta Comercial do RN, empossada recentemente, j\u00e1 est\u00e1 participando das reuni\u00f5es do Col\u00e9gio de Vogais da autarquia. No \u00faltimo dia 21 de junho, foi realizada a primeira reuni\u00e3o onde o CRA-RN teve assento na entidade. Entre os assuntos discutidos, foi apresentada a Resolu\u00e7\u00e3o Normativa que regulamenta<a class=\"read-more\" href=\"https:\/\/crarn.org.br\/?p=63727\"> [&hellip;]<\/a><\/p>\n","protected":false},"author":26,"featured_media":63728,"comment_status":"closed","ping_status":"open","sticky":true,"template":"","format":"standard","meta":{"_price":"","_stock":"","_tribe_ticket_header":"","_tribe_default_ticket_provider":"","_tribe_ticket_capacity":"0","_ticket_start_date":"","_ticket_end_date":"","_tribe_ticket_show_description":"","_tribe_ticket_show_not_going":false,"_tribe_ticket_use_global_stock":"","_tribe_ticket_global_stock_level":"","_global_stock_mode":"","_global_stock_cap":"","_tribe_rsvp_for_event":"","_tribe_ticket_going_count":"","_tribe_ticket_not_going_count":"","_tribe_tickets_list":"[]","_tribe_ticket_has_attendee_info_fields":false,"footnotes":"","_links_to":"","_links_to_target":""},"categories":[547,310,399,309],"tags":[],"class_list":["post-63727","post","type-post","status-publish","format-standard","has-post-thumbnail","hentry","category-ano-2021","category-destaque-grande","category-institucional","category-ultimas-noticias","entry","has-media"],"_links":{"self":[{"href":"https:\/\/crarn.org.br\/index.php?rest_route=\/wp\/v2\/posts\/63727","targetHints":{"allow":["GET"]}}],"collection":[{"href":"https:\/\/crarn.org.br\/index.php?rest_route=\/wp\/v2\/posts"}],"about":[{"href":"https:\/\/crarn.org.br\/index.php?rest_route=\/wp\/v2\/types\/post"}],"author":[{"embeddable":true,"href":"https:\/\/crarn.org.br\/index.php?rest_route=\/wp\/v2\/users\/26"}],"replies":[{"embeddable":true,"href":"https:\/\/crarn.org.br\/index.php?rest_route=%2Fwp%2Fv2%2Fcomments&post=63727"}],"version-history":[{"count":1,"href":"https:\/\/crarn.org.br\/index.php?rest_route=\/wp\/v2\/posts\/63727\/revisions"}],"predecessor-version":[{"id":63729,"href":"https:\/\/crarn.org.br\/index.php?rest_route=\/wp\/v2\/posts\/63727\/revisions\/63729"}],"wp:featuredmedia":[{"embeddable":true,"href":"https:\/\/crarn.org.br\/index.php?rest_route=\/wp\/v2\/media\/63728"}],"wp:attachment":[{"href":"https:\/\/crarn.org.br\/index.php?rest_route=%2Fwp%2Fv2%2Fmedia&parent=63727"}],"wp:term":[{"taxonomy":"category","embeddable":true,"href":"https:\/\/crarn.org.br\/index.php?rest_route=%2Fwp%2Fv2%2Fcategories&post=63727"},{"taxonomy":"post_tag","embeddable":true,"href":"https:\/\/crarn.org.br\/index.php?rest_route=%2Fwp%2Fv2%2Ftags&post=63727"}],"curies":[{"name":"wp","href":"https:\/\/api.w.org\/{rel}","templated":true}]}}