{"id":63719,"date":"2021-06-24T15:43:29","date_gmt":"2021-06-24T18:43:29","guid":{"rendered":"https:\/\/crarn.org.br\/?p=63719"},"modified":"2021-06-24T15:43:32","modified_gmt":"2021-06-24T18:43:32","slug":"carteira-de-identificacao-profissional-tem-novo-aplicativo","status":"publish","type":"post","link":"https:\/\/crarn.org.br\/?p=63719","title":{"rendered":"Carteira de Identifica\u00e7\u00e3o Profissional tem novo aplicativo"},"content":{"rendered":"\n<p>\u00a0<\/p>\n<p>O aplicativo da Carteira de Identifica\u00e7\u00e3o Profissional digital (e-CIP) expedida pelo CRA-RN foi atualizado recentemente.<\/p>\n<p>A carteira \u00e9 disponibilizada via \u201capp\u201d para smartphones. O download atualizado deve ser feito atrav\u00e9s das lojas de aplicativos nos links abaixo:<\/p>\n<p>&#8211; Android &#8211;<a href=\"https:\/\/play.google.com\/store\/apps\/details?id=br.tribos.ecip_cras_app\"> https:\/\/play.google.com\/store\/apps\/details?id=br.tribos.ecip_cras_app<\/a><\/p>\n<p>&#8211; IOS (Iphone) &#8211; <a href=\"https:\/\/apps.apple.com\/br\/app\/ecip-cras\/id1566868476\">\u00a0https:\/\/apps.apple.com\/br\/app\/ecip-cras\/id1566868476<\/a><\/p>\n<button class=\"simplefavorite-button\" data-postid=\"63719\" data-siteid=\"1\" data-groupid=\"1\" data-favoritecount=\"0\" style=\"\">Favorite <i class=\"sf-icon-star-empty\"><\/i><\/button>","protected":false},"excerpt":{"rendered":"<p>\u00a0 O aplicativo da Carteira de Identifica\u00e7\u00e3o Profissional digital (e-CIP) expedida pelo CRA-RN foi atualizado recentemente. A carteira \u00e9 disponibilizada via \u201capp\u201d para smartphones. O download atualizado deve ser feito atrav\u00e9s das lojas de aplicativos nos links abaixo: &#8211; Android &#8211; https:\/\/play.google.com\/store\/apps\/details?id=br.tribos.ecip_cras_app &#8211; IOS (Iphone) &#8211; \u00a0https:\/\/apps.apple.com\/br\/app\/ecip-cras\/id1566868476 Favorite<\/p>\n","protected":false},"author":26,"featured_media":63720,"comment_status":"closed","ping_status":"open","sticky":true,"template":"","format":"standard","meta":{"_price":"","_stock":"","_tribe_ticket_header":"","_tribe_default_ticket_provider":"","_tribe_ticket_capacity":"0","_ticket_start_date":"","_ticket_end_date":"","_tribe_ticket_show_description":"","_tribe_ticket_show_not_going":false,"_tribe_ticket_use_global_stock":"","_tribe_ticket_global_stock_level":"","_global_stock_mode":"","_global_stock_cap":"","_tribe_rsvp_for_event":"","_tribe_ticket_going_count":"","_tribe_ticket_not_going_count":"","_tribe_tickets_list":"[]","_tribe_ticket_has_attendee_info_fields":false,"footnotes":"","_links_to":"","_links_to_target":""},"categories":[547,310,399,309],"tags":[],"class_list":["post-63719","post","type-post","status-publish","format-standard","has-post-thumbnail","hentry","category-ano-2021","category-destaque-grande","category-institucional","category-ultimas-noticias","entry","has-media"],"_links":{"self":[{"href":"https:\/\/crarn.org.br\/index.php?rest_route=\/wp\/v2\/posts\/63719","targetHints":{"allow":["GET"]}}],"collection":[{"href":"https:\/\/crarn.org.br\/index.php?rest_route=\/wp\/v2\/posts"}],"about":[{"href":"https:\/\/crarn.org.br\/index.php?rest_route=\/wp\/v2\/types\/post"}],"author":[{"embeddable":true,"href":"https:\/\/crarn.org.br\/index.php?rest_route=\/wp\/v2\/users\/26"}],"replies":[{"embeddable":true,"href":"https:\/\/crarn.org.br\/index.php?rest_route=%2Fwp%2Fv2%2Fcomments&post=63719"}],"version-history":[{"count":2,"href":"https:\/\/crarn.org.br\/index.php?rest_route=\/wp\/v2\/posts\/63719\/revisions"}],"predecessor-version":[{"id":63722,"href":"https:\/\/crarn.org.br\/index.php?rest_route=\/wp\/v2\/posts\/63719\/revisions\/63722"}],"wp:featuredmedia":[{"embeddable":true,"href":"https:\/\/crarn.org.br\/index.php?rest_route=\/wp\/v2\/media\/63720"}],"wp:attachment":[{"href":"https:\/\/crarn.org.br\/index.php?rest_route=%2Fwp%2Fv2%2Fmedia&parent=63719"}],"wp:term":[{"taxonomy":"category","embeddable":true,"href":"https:\/\/crarn.org.br\/index.php?rest_route=%2Fwp%2Fv2%2Fcategories&post=63719"},{"taxonomy":"post_tag","embeddable":true,"href":"https:\/\/crarn.org.br\/index.php?rest_route=%2Fwp%2Fv2%2Ftags&post=63719"}],"curies":[{"name":"wp","href":"https:\/\/api.w.org\/{rel}","templated":true}]}}