{"id":63683,"date":"2021-05-12T15:09:52","date_gmt":"2021-05-12T18:09:52","guid":{"rendered":"https:\/\/crarn.org.br\/?p=63683"},"modified":"2021-05-12T15:09:55","modified_gmt":"2021-05-12T18:09:55","slug":"evento-do-cfa-contara-com-palestras-e-paineis-em-libras","status":"publish","type":"post","link":"https:\/\/crarn.org.br\/?p=63683","title":{"rendered":"Evento do CFA contar\u00e1 com palestras e pain\u00e9is em libras!"},"content":{"rendered":"\n<p>Os debates e compartilhamentos de experi\u00eancias da Jornada Acad\u00eamica de Administra\u00e7\u00e3o j\u00e1 t\u00eam data e hor\u00e1rio para acontecer. Ser\u00e3o dois dias inteiros de imers\u00e3o (18 e 19 de maio) com a participa\u00e7\u00e3o de especialistas renomados de todo o pa\u00eds e, claro, a intera\u00e7\u00e3o dos internautas pelo chat da transmiss\u00e3o. Al\u00e9m de gratuito e on-line, o evento contar\u00e1 com tradu\u00e7\u00e3o em libras de todas as palestras e pain\u00e9is da programa\u00e7\u00e3o.\u00a0<\/p>\n<p>\u201c\u00c9 necess\u00e1rio que o uso da L\u00edngua Brasileira de Sinais, seja cada vez mais utilizado e inserido em eventos desta magnitude, e no Sistema CFA\/CRAs n\u00e3o poderia ser diferente. O panorama completo do que est\u00e1 sendo dito ou exibido ter\u00e1 o alcance de todos, proporcionando inclus\u00e3o, acesso \u00e0 informa\u00e7\u00e3o e, consequentemente, engajando a profiss\u00e3o na constru\u00e7\u00e3o de uma sociedade mais igualit\u00e1ria\u201d, afirmou o diretor de Comunica\u00e7\u00e3o e Marketing do CFA, Diego da Costa.<\/p>\n<p>Como resultado de outro esfor\u00e7o promovido pela inclus\u00e3o, o portal do evento (cfa.org.br\/jornada) tamb\u00e9m \u00e9 adaptado e cumpre os requisitos de acessibilidade para navega\u00e7\u00e3o, por meio de recursos como a interpreta\u00e7\u00e3o de texto em libras. <br \/><br \/>O diferencial do seu futuro e carreira s\u00f3 depende de voc\u00ea. Ent\u00e3o, n\u00e3o perca tempo e confira agora mesmo a programa\u00e7\u00e3o completa do evento (<a href=\"https:\/\/cfa.org.br\/ii-jornada-programacao\/\" target=\"_blank\" rel=\"noopener\">aqui<\/a>). <br \/><br \/>A todos, sem exce\u00e7\u00e3o, a jornada come\u00e7a aqui!\u00a0<\/p>\n<p>Paulo Melo<br \/>Assessoria de Comunica\u00e7\u00e3o CFA\u00a0<\/p>\n<button class=\"simplefavorite-button\" data-postid=\"63683\" data-siteid=\"1\" data-groupid=\"1\" data-favoritecount=\"0\" style=\"\">Favorite <i class=\"sf-icon-star-empty\"><\/i><\/button>","protected":false},"excerpt":{"rendered":"<p>Os debates e compartilhamentos de experi\u00eancias da Jornada Acad\u00eamica de Administra\u00e7\u00e3o j\u00e1 t\u00eam data e hor\u00e1rio para acontecer. Ser\u00e3o dois dias inteiros de imers\u00e3o (18 e 19 de maio) com a participa\u00e7\u00e3o de especialistas renomados de todo o pa\u00eds e, claro, a intera\u00e7\u00e3o dos internautas pelo chat da transmiss\u00e3o. Al\u00e9m de gratuito e on-line, o<a class=\"read-more\" href=\"https:\/\/crarn.org.br\/?p=63683\"> [&hellip;]<\/a><\/p>\n","protected":false},"author":26,"featured_media":63684,"comment_status":"closed","ping_status":"open","sticky":true,"template":"","format":"standard","meta":{"_price":"","_stock":"","_tribe_ticket_header":"","_tribe_default_ticket_provider":"","_tribe_ticket_capacity":"0","_ticket_start_date":"","_ticket_end_date":"","_tribe_ticket_show_description":"","_tribe_ticket_show_not_going":false,"_tribe_ticket_use_global_stock":"","_tribe_ticket_global_stock_level":"","_global_stock_mode":"","_global_stock_cap":"","_tribe_rsvp_for_event":"","_tribe_ticket_going_count":"","_tribe_ticket_not_going_count":"","_tribe_tickets_list":"[]","_tribe_ticket_has_attendee_info_fields":false,"footnotes":"","_links_to":"","_links_to_target":""},"categories":[547,426,312,320,399,309],"tags":[],"class_list":["post-63683","post","type-post","status-publish","format-standard","has-post-thumbnail","hentry","category-ano-2021","category-cfa","category-destaque-pequeno-inferior","category-home","category-institucional","category-ultimas-noticias","entry","has-media"],"_links":{"self":[{"href":"https:\/\/crarn.org.br\/index.php?rest_route=\/wp\/v2\/posts\/63683","targetHints":{"allow":["GET"]}}],"collection":[{"href":"https:\/\/crarn.org.br\/index.php?rest_route=\/wp\/v2\/posts"}],"about":[{"href":"https:\/\/crarn.org.br\/index.php?rest_route=\/wp\/v2\/types\/post"}],"author":[{"embeddable":true,"href":"https:\/\/crarn.org.br\/index.php?rest_route=\/wp\/v2\/users\/26"}],"replies":[{"embeddable":true,"href":"https:\/\/crarn.org.br\/index.php?rest_route=%2Fwp%2Fv2%2Fcomments&post=63683"}],"version-history":[{"count":1,"href":"https:\/\/crarn.org.br\/index.php?rest_route=\/wp\/v2\/posts\/63683\/revisions"}],"predecessor-version":[{"id":63685,"href":"https:\/\/crarn.org.br\/index.php?rest_route=\/wp\/v2\/posts\/63683\/revisions\/63685"}],"wp:featuredmedia":[{"embeddable":true,"href":"https:\/\/crarn.org.br\/index.php?rest_route=\/wp\/v2\/media\/63684"}],"wp:attachment":[{"href":"https:\/\/crarn.org.br\/index.php?rest_route=%2Fwp%2Fv2%2Fmedia&parent=63683"}],"wp:term":[{"taxonomy":"category","embeddable":true,"href":"https:\/\/crarn.org.br\/index.php?rest_route=%2Fwp%2Fv2%2Fcategories&post=63683"},{"taxonomy":"post_tag","embeddable":true,"href":"https:\/\/crarn.org.br\/index.php?rest_route=%2Fwp%2Fv2%2Ftags&post=63683"}],"curies":[{"name":"wp","href":"https:\/\/api.w.org\/{rel}","templated":true}]}}