{"id":63669,"date":"2021-05-05T13:13:58","date_gmt":"2021-05-05T16:13:58","guid":{"rendered":"https:\/\/crarn.org.br\/?p=63669"},"modified":"2021-05-05T13:14:01","modified_gmt":"2021-05-05T16:14:01","slug":"o-seu-futuro-depende-de-voce-estudante-vai-ficar-parado","status":"publish","type":"post","link":"https:\/\/crarn.org.br\/?p=63669","title":{"rendered":"O seu futuro depende de voc\u00ea, estudante. Vai ficar parado?"},"content":{"rendered":"\n<p>Planejamos, organizamos e temos a satisfa\u00e7\u00e3o em anunciar, nesta ter\u00e7a-feira (4), mais um projeto da C\u00e2mara de Comunica\u00e7\u00e3o e Marketing (CCM) do Conselho Federal de Administra\u00e7\u00e3o (CFA). Vem a\u00ed a segunda Jornada Acad\u00eamica de Administra\u00e7\u00e3o \u2013 cujo tema central tratar\u00e1 da diversidade profissional e o alcance do estudante de ADM. O evento ter\u00e1 a participa\u00e7\u00e3o de 32 convidados, entre palestrantes e painelistas, de todas as regi\u00f5es do pa\u00eds e vai acontecer nos dias 18 e 19 de maio, on-line, gratuito e com a emiss\u00e3o de certificado de cada palestra.\u00a0<\/p>\n<p>A realidade atual do pa\u00eds mudou. \u00c9 preciso, cada vez mais, que os futuros profissionais de administra\u00e7\u00e3o estejam preparados para lidar com as oportunidades e os desafios do mercado de trabalho. Entender o que sua carreira realmente precisa, construir novos caminhos e gerenciar o seu futuro, s\u00f3 depende de voc\u00ea, estudante. <br \/><br \/>\u201cA experi\u00eancia de poder compartilhar conhecimento e conte\u00fados in\u00e9ditos no CFAPlay \u2013 nos fez refletir sobre a possibilidade de mais uma projeto da CCM. Foi pensando no p\u00fablico acad\u00eamico que decidimos realizar dois dias de imers\u00e3o, totalmente voltados aos futuros ADMs, que, por vezes, se questionam sobre a carreira, a atividade profissional e as oportunidades para al\u00e9m da gradua\u00e7\u00e3o\u201d, ressaltou o diretor de Comunica\u00e7\u00e3o e Marketing do CFA, Diego da Costa.\u00a0<\/p>\n<p><b>O que voc\u00ea precisa saber est\u00e1 aqui!\u00a0<\/b><\/p>\n<p>J\u00e1 pensou em acessar o CFAPlay e fazer perguntas a profissionais renomados e ter o seu questionamento respondido por refer\u00eancias da profiss\u00e3o? Na Jornada Acad\u00eamica a possibilidade desta participa\u00e7\u00e3o est\u00e1 mais do que prevista entre os palestrantes e internautas. A cada palestra, o convidado ter\u00e1 20 minutos de intera\u00e7\u00e3o com o p\u00fablico.<\/p>\n<p>\u201cA inten\u00e7\u00e3o \u00e9 que o estudante compreenda que ele tem voz e vez no Sistema CFA\/CRAs. Nada adianta planejar e executar um evento sem que aqueles que ainda est\u00e3o na academia se sintam parte da profiss\u00e3o. A\u00ed est\u00e1 o diferencial e \u00e9 assim que trataremos nossos futuros profissionais de jornada\u201d, completou o diretor da CCM!\u00a0<\/p>\n<p>Sua jornada come\u00e7a aqui. Fa\u00e7a sua pr\u00e9-inscri\u00e7\u00e3o e participe! (Clique <a href=\"https:\/\/cfa.org.br\/jornada\/\" target=\"_blank\" rel=\"noopener\">aqui<\/a>)\u00a0<\/p>\n<p>\u00a0<\/p>\n<p>Paulo Melo<br \/>Assessoria de Imprensa CFA\u00a0<\/p>\n<div class=\"addtoany_share_save_container addtoany_content addtoany_content_bottom\">\n<div class=\"a2a_kit a2a_kit_size_32 addtoany_list\" data-a2a-url=\"https:\/\/cfa.org.br\/o-seu-futuro-depende-de-voce-estudante-vai-ficar-parado\/\" data-a2a-title=\"O seu futuro depende de voc\u00ea, estudante. Vai ficar parado?\">\u00a0<\/div>\n<\/div>\n<p>\u00a0<\/p>\n<button class=\"simplefavorite-button\" data-postid=\"63669\" data-siteid=\"1\" data-groupid=\"1\" data-favoritecount=\"0\" style=\"\">Favorite <i class=\"sf-icon-star-empty\"><\/i><\/button>","protected":false},"excerpt":{"rendered":"<p>Planejamos, organizamos e temos a satisfa\u00e7\u00e3o em anunciar, nesta ter\u00e7a-feira (4), mais um projeto da C\u00e2mara de Comunica\u00e7\u00e3o e Marketing (CCM) do Conselho Federal de Administra\u00e7\u00e3o (CFA). Vem a\u00ed a segunda Jornada Acad\u00eamica de Administra\u00e7\u00e3o \u2013 cujo tema central tratar\u00e1 da diversidade profissional e o alcance do estudante de ADM. O evento ter\u00e1 a participa\u00e7\u00e3o<a class=\"read-more\" href=\"https:\/\/crarn.org.br\/?p=63669\"> [&hellip;]<\/a><\/p>\n","protected":false},"author":26,"featured_media":63670,"comment_status":"closed","ping_status":"open","sticky":true,"template":"","format":"standard","meta":{"_price":"","_stock":"","_tribe_ticket_header":"","_tribe_default_ticket_provider":"","_tribe_ticket_capacity":"0","_ticket_start_date":"","_ticket_end_date":"","_tribe_ticket_show_description":"","_tribe_ticket_show_not_going":false,"_tribe_ticket_use_global_stock":"","_tribe_ticket_global_stock_level":"","_global_stock_mode":"","_global_stock_cap":"","_tribe_rsvp_for_event":"","_tribe_ticket_going_count":"","_tribe_ticket_not_going_count":"","_tribe_tickets_list":"[]","_tribe_ticket_has_attendee_info_fields":false,"footnotes":"","_links_to":"","_links_to_target":""},"categories":[547,426,312,399,309],"tags":[],"class_list":["post-63669","post","type-post","status-publish","format-standard","has-post-thumbnail","hentry","category-ano-2021","category-cfa","category-destaque-pequeno-inferior","category-institucional","category-ultimas-noticias","entry","has-media"],"_links":{"self":[{"href":"https:\/\/crarn.org.br\/index.php?rest_route=\/wp\/v2\/posts\/63669","targetHints":{"allow":["GET"]}}],"collection":[{"href":"https:\/\/crarn.org.br\/index.php?rest_route=\/wp\/v2\/posts"}],"about":[{"href":"https:\/\/crarn.org.br\/index.php?rest_route=\/wp\/v2\/types\/post"}],"author":[{"embeddable":true,"href":"https:\/\/crarn.org.br\/index.php?rest_route=\/wp\/v2\/users\/26"}],"replies":[{"embeddable":true,"href":"https:\/\/crarn.org.br\/index.php?rest_route=%2Fwp%2Fv2%2Fcomments&post=63669"}],"version-history":[{"count":1,"href":"https:\/\/crarn.org.br\/index.php?rest_route=\/wp\/v2\/posts\/63669\/revisions"}],"predecessor-version":[{"id":63671,"href":"https:\/\/crarn.org.br\/index.php?rest_route=\/wp\/v2\/posts\/63669\/revisions\/63671"}],"wp:featuredmedia":[{"embeddable":true,"href":"https:\/\/crarn.org.br\/index.php?rest_route=\/wp\/v2\/media\/63670"}],"wp:attachment":[{"href":"https:\/\/crarn.org.br\/index.php?rest_route=%2Fwp%2Fv2%2Fmedia&parent=63669"}],"wp:term":[{"taxonomy":"category","embeddable":true,"href":"https:\/\/crarn.org.br\/index.php?rest_route=%2Fwp%2Fv2%2Fcategories&post=63669"},{"taxonomy":"post_tag","embeddable":true,"href":"https:\/\/crarn.org.br\/index.php?rest_route=%2Fwp%2Fv2%2Ftags&post=63669"}],"curies":[{"name":"wp","href":"https:\/\/api.w.org\/{rel}","templated":true}]}}