{"id":63661,"date":"2021-05-04T16:32:51","date_gmt":"2021-05-04T19:32:51","guid":{"rendered":"https:\/\/crarn.org.br\/?p=63661"},"modified":"2021-05-04T16:38:17","modified_gmt":"2021-05-04T19:38:17","slug":"curso-de-responsabilidade-tecnica-abre-oportunidade-para-profissionais","status":"publish","type":"post","link":"https:\/\/crarn.org.br\/?p=63661","title":{"rendered":"Curso de Responsabilidade T\u00e9cnica abre oportunidade para profissionais"},"content":{"rendered":"\n<div class=\"wp-block-columns is-layout-flex wp-container-core-columns-is-layout-2 wp-block-columns-is-layout-flex\">\n<div class=\"wp-block-column is-layout-flow wp-block-column-is-layout-flow\" style=\"flex-basis:100%\">\n<div class=\"wp-block-columns is-layout-flex wp-container-core-columns-is-layout-1 wp-block-columns-is-layout-flex\">\n<div class=\"wp-block-column is-layout-flow wp-block-column-is-layout-flow\" style=\"flex-basis:100%\">\n<p>O CRA-RN promove um novo Curso de Responsabilidade T\u00e9cnica para profissionais registrados, egressos e estudantes de curso na \u00e1rea de Administra\u00e7\u00e3o.<\/p>\n<p>Durante a qualifica\u00e7\u00e3o, os participantes ter\u00e3o acesso a informa\u00e7\u00f5es t\u00e9cnicas e legais sobre a pr\u00e1tica da responsabilidade t\u00e9cnica junto \u00e0s empresas registradas no CRA-RN, abrindo, assim, uma nova oportunidade de coloca\u00e7\u00e3o no mercado de trabalho para os profissionais.\u00a0\u00a0\u00a0\u00a0\u00a0\u00a0\u00a0\u00a0\u00a0\u00a0\u00a0\u00a0\u00a0\u00a0\u00a0\u00a0\u00a0\u00a0\u00a0\u00a0\u00a0\u00a0\u00a0\u00a0\u00a0\u00a0\u00a0\u00a0\u00a0\u00a0\u00a0\u00a0\u00a0\u00a0\u00a0\u00a0\u00a0\u00a0\u00a0\u00a0\u00a0\u00a0\u00a0\u00a0\u00a0\u00a0\u00a0\u00a0\u00a0\u00a0<\/p>\n<p><img fetchpriority=\"high\" decoding=\"async\" class=\"wp-image-63664 alignleft\" src=\"https:\/\/crarn.org.br\/wp-content\/uploads\/2021\/05\/Curso-de-Responsabilidade-Tecnica-300x300.jpg\" alt=\"\" width=\"238\" height=\"238\" srcset=\"https:\/\/crarn.org.br\/wp-content\/uploads\/2021\/05\/Curso-de-Responsabilidade-Tecnica-300x300.jpg 300w, https:\/\/crarn.org.br\/wp-content\/uploads\/2021\/05\/Curso-de-Responsabilidade-Tecnica-1024x1024.jpg 1024w, https:\/\/crarn.org.br\/wp-content\/uploads\/2021\/05\/Curso-de-Responsabilidade-Tecnica-150x150.jpg 150w, https:\/\/crarn.org.br\/wp-content\/uploads\/2021\/05\/Curso-de-Responsabilidade-Tecnica-768x768.jpg 768w, https:\/\/crarn.org.br\/wp-content\/uploads\/2021\/05\/Curso-de-Responsabilidade-Tecnica.jpg 1080w\" sizes=\"(max-width: 238px) 100vw, 238px\" \/>O curso ser\u00e1 realizado nos dias 18, 19 e 20 de maio, das 19h \u00e0s 22h, na plataforma Google Meet, tendo como instrutora a coordenadora de Fiscaliza\u00e7\u00e3o, Tatiana Costa Pinto e a participa\u00e7\u00e3o do Diretor de Fiscaliza\u00e7\u00e3o e Registro, Di\u00eago Dantas.\u00a0\u00a0\u00a0\u00a0\u00a0\u00a0\u00a0\u00a0\u00a0\u00a0\u00a0\u00a0\u00a0\u00a0\u00a0\u00a0\u00a0\u00a0\u00a0\u00a0\u00a0\u00a0\u00a0\u00a0\u00a0\u00a0\u00a0\u00a0\u00a0\u00a0\u00a0\u00a0\u00a0\u00a0\u00a0\u00a0\u00a0\u00a0\u00a0\u00a0\u00a0\u00a0\u00a0\u00a0\u00a0\u00a0\u00a0\u00a0\u00a0\u00a0\u00a0\u00a0\u00a0\u00a0\u00a0\u00a0\u00a0\u00a0\u00a0\u00a0\u00a0\u00a0\u00a0\u00a0\u00a0\u00a0\u00a0\u00a0\u00a0\u00a0\u00a0\u00a0\u00a0\u00a0\u00a0\u00a0\u00a0\u00a0\u00a0\u00a0\u00a0\u00a0\u00a0\u00a0\u00a0\u00a0\u00a0\u00a0\u00a0\u00a0\u00a0\u00a0\u00a0\u00a0\u00a0\u00a0\u00a0\u00a0\u00a0\u00a0\u00a0\u00a0\u00a0\u00a0\u00a0\u00a0\u00a0\u00a0\u00a0\u00a0\u00a0\u00a0\u00a0\u00a0\u00a0\u00a0\u00a0\u00a0\u00a0\u00a0\u00a0\u00a0\u00a0\u00a0\u00a0\u00a0\u00a0\u00a0\u00a0\u00a0\u00a0\u00a0\u00a0\u00a0\u00a0\u00a0\u00a0\u00a0<\/p>\n<p>Inscri\u00e7\u00f5es gratuitas pelo Sympla atrav\u00e9s do link https:\/\/www.sympla.com.br\/curso-de-responsabilidade-tecnica__1205972<\/p>\n<p>\u00a0<\/p>\n<p>\u00a0<\/p>\n<p>Confira o conte\u00fado do curso:<\/p>\n<p>&#8211; Origem e Fundamenta\u00e7\u00e3o Legal<\/p>\n<p>&#8211; Normas e Orienta\u00e7\u00f5es Gerais<\/p>\n<p>&#8211; Campo de Atua\u00e7\u00e3o<\/p>\n<p>&#8211; Atividades e Responsabilidades<\/p>\n<p>&#8211; V\u00ednculo Profissional<\/p>\n<p>&#8211; Remunera\u00e7\u00e3o<\/p>\n<p>&#8211; Habilita\u00e7\u00e3o T\u00e9cnica junto ao CRA-RN<\/p>\n<p>&#8211; Acervo T\u00e9cnico<\/p>\n<p>&#8211; Legisla\u00e7\u00e3o (Principal e Complementares)<\/p>\n<\/div>\n<\/div>\n<\/div>\n<\/div>\n<button class=\"simplefavorite-button\" data-postid=\"63661\" data-siteid=\"1\" data-groupid=\"1\" data-favoritecount=\"0\" style=\"\">Favorite <i class=\"sf-icon-star-empty\"><\/i><\/button>","protected":false},"excerpt":{"rendered":"<p>O CRA-RN promove um novo Curso de Responsabilidade T\u00e9cnica para profissionais registrados, egressos e estudantes de curso na \u00e1rea de Administra\u00e7\u00e3o. Durante a qualifica\u00e7\u00e3o, os participantes ter\u00e3o acesso a informa\u00e7\u00f5es t\u00e9cnicas e legais sobre a pr\u00e1tica da responsabilidade t\u00e9cnica junto \u00e0s empresas registradas no CRA-RN, abrindo, assim, uma nova oportunidade de coloca\u00e7\u00e3o no mercado de<a class=\"read-more\" href=\"https:\/\/crarn.org.br\/?p=63661\"> [&hellip;]<\/a><\/p>\n","protected":false},"author":26,"featured_media":63662,"comment_status":"closed","ping_status":"open","sticky":true,"template":"","format":"standard","meta":{"_price":"","_stock":"","_tribe_ticket_header":"","_tribe_default_ticket_provider":"","_tribe_ticket_capacity":"0","_ticket_start_date":"","_ticket_end_date":"","_tribe_ticket_show_description":"","_tribe_ticket_show_not_going":false,"_tribe_ticket_use_global_stock":"","_tribe_ticket_global_stock_level":"","_global_stock_mode":"","_global_stock_cap":"","_tribe_rsvp_for_event":"","_tribe_ticket_going_count":"","_tribe_ticket_not_going_count":"","_tribe_tickets_list":"[]","_tribe_ticket_has_attendee_info_fields":false,"footnotes":"","_links_to":"","_links_to_target":""},"categories":[547,310,399,309],"tags":[],"class_list":["post-63661","post","type-post","status-publish","format-standard","has-post-thumbnail","hentry","category-ano-2021","category-destaque-grande","category-institucional","category-ultimas-noticias","entry","has-media"],"_links":{"self":[{"href":"https:\/\/crarn.org.br\/index.php?rest_route=\/wp\/v2\/posts\/63661","targetHints":{"allow":["GET"]}}],"collection":[{"href":"https:\/\/crarn.org.br\/index.php?rest_route=\/wp\/v2\/posts"}],"about":[{"href":"https:\/\/crarn.org.br\/index.php?rest_route=\/wp\/v2\/types\/post"}],"author":[{"embeddable":true,"href":"https:\/\/crarn.org.br\/index.php?rest_route=\/wp\/v2\/users\/26"}],"replies":[{"embeddable":true,"href":"https:\/\/crarn.org.br\/index.php?rest_route=%2Fwp%2Fv2%2Fcomments&post=63661"}],"version-history":[{"count":4,"href":"https:\/\/crarn.org.br\/index.php?rest_route=\/wp\/v2\/posts\/63661\/revisions"}],"predecessor-version":[{"id":63668,"href":"https:\/\/crarn.org.br\/index.php?rest_route=\/wp\/v2\/posts\/63661\/revisions\/63668"}],"wp:featuredmedia":[{"embeddable":true,"href":"https:\/\/crarn.org.br\/index.php?rest_route=\/wp\/v2\/media\/63662"}],"wp:attachment":[{"href":"https:\/\/crarn.org.br\/index.php?rest_route=%2Fwp%2Fv2%2Fmedia&parent=63661"}],"wp:term":[{"taxonomy":"category","embeddable":true,"href":"https:\/\/crarn.org.br\/index.php?rest_route=%2Fwp%2Fv2%2Fcategories&post=63661"},{"taxonomy":"post_tag","embeddable":true,"href":"https:\/\/crarn.org.br\/index.php?rest_route=%2Fwp%2Fv2%2Ftags&post=63661"}],"curies":[{"name":"wp","href":"https:\/\/api.w.org\/{rel}","templated":true}]}}