{"id":63658,"date":"2021-04-30T14:24:15","date_gmt":"2021-04-30T17:24:15","guid":{"rendered":"https:\/\/crarn.org.br\/?p=63658"},"modified":"2021-05-07T16:02:53","modified_gmt":"2021-05-07T19:02:53","slug":"solicitacao-contempla-tecnologos-e-bachareis-em-gestao-publica-e-de-politicas-publicas","status":"publish","type":"post","link":"https:\/\/crarn.org.br\/?p=63658","title":{"rendered":"Solicita\u00e7\u00e3o contempla Tecn\u00f3logos e Bachar\u00e9is em Gest\u00e3o P\u00fablica e de Pol\u00edticas P\u00fablicas"},"content":{"rendered":"\n<p>\u00a0<\/p>\n<p>O CRA-RN enviou of\u00edcio ao Instituto T\u00e9cnico Cient\u00edfico de Per\u00edcia do Rio Grande do Norte &#8211; ITEP\/RN, solicitando a retifica\u00e7\u00e3o do Edital de Concurso P\u00fablico n\u00ba 001\/202, de forma a contemplar os Tecn\u00f3logos e Bachar\u00e9is em Gest\u00e3o P\u00fablica e de Pol\u00edticas P\u00fablicas.<\/p>\n<p>De acordo com a an\u00e1lise realizada pelo setor de Fiscaliza\u00e7\u00e3o do regional, os requisitos exigidos para as vagas destinadas ao cargo de Assistente T\u00e9cnico Forense\/Especialidade: Administra\u00e7\u00e3o \u2013 C\u00f3digo do Cargo 401, como tamb\u00e9m, ao cargo de Perito Criminal\/Especialidade: Contabilidade e Economia \u2013 C\u00f3digo do Cargo 417, n\u00e3o observam todas as gradua\u00e7\u00f5es reconhecidas pelo CFA como profissionais de Administra\u00e7\u00e3o, de acordo com Lei N\u00ba 4769\/65, que regulamenta a profiss\u00e3o.<\/p>\n<p>Desta forma, o CRA-RN solicitou \u00e0 presid\u00eancia do ITEP, a retifica\u00e7\u00e3o do Anexo I do Edital, de forma a contemplar as gradua\u00e7\u00f5es de Tecnologia e Bacharelado citadas acima, exigindo, ainda, como requisito, a habilita\u00e7\u00e3o legal para o exerc\u00edcio da profiss\u00e3o, ou seja, o registro no Conselho Regional de Administra\u00e7\u00e3o do RN.<\/p>\n<p>O \u00f3rg\u00e3o tem o prazo de 72 horas para se manifestar sobre a solicita\u00e7\u00e3o do CRA-RN.<\/p>\n<button class=\"simplefavorite-button\" data-postid=\"63658\" data-siteid=\"1\" data-groupid=\"1\" data-favoritecount=\"0\" style=\"\">Favorite <i class=\"sf-icon-star-empty\"><\/i><\/button>","protected":false},"excerpt":{"rendered":"<p>\u00a0 O CRA-RN enviou of\u00edcio ao Instituto T\u00e9cnico Cient\u00edfico de Per\u00edcia do Rio Grande do Norte &#8211; ITEP\/RN, solicitando a retifica\u00e7\u00e3o do Edital de Concurso P\u00fablico n\u00ba 001\/202, de forma a contemplar os Tecn\u00f3logos e Bachar\u00e9is em Gest\u00e3o P\u00fablica e de Pol\u00edticas P\u00fablicas. De acordo com a an\u00e1lise realizada pelo setor de Fiscaliza\u00e7\u00e3o do regional,<a class=\"read-more\" href=\"https:\/\/crarn.org.br\/?p=63658\"> [&hellip;]<\/a><\/p>\n","protected":false},"author":26,"featured_media":63659,"comment_status":"closed","ping_status":"open","sticky":true,"template":"","format":"standard","meta":{"_price":"","_stock":"","_tribe_ticket_header":"","_tribe_default_ticket_provider":"","_tribe_ticket_capacity":"0","_ticket_start_date":"","_ticket_end_date":"","_tribe_ticket_show_description":"","_tribe_ticket_show_not_going":false,"_tribe_ticket_use_global_stock":"","_tribe_ticket_global_stock_level":"","_global_stock_mode":"","_global_stock_cap":"","_tribe_rsvp_for_event":"","_tribe_ticket_going_count":"","_tribe_ticket_not_going_count":"","_tribe_tickets_list":"[]","_tribe_ticket_has_attendee_info_fields":false,"footnotes":"","_links_to":"","_links_to_target":""},"categories":[547,312,320,399,309],"tags":[566],"class_list":["post-63658","post","type-post","status-publish","format-standard","has-post-thumbnail","hentry","category-ano-2021","category-destaque-pequeno-inferior","category-home","category-institucional","category-ultimas-noticias","tag-fiscalizacao","entry","has-media"],"_links":{"self":[{"href":"https:\/\/crarn.org.br\/index.php?rest_route=\/wp\/v2\/posts\/63658","targetHints":{"allow":["GET"]}}],"collection":[{"href":"https:\/\/crarn.org.br\/index.php?rest_route=\/wp\/v2\/posts"}],"about":[{"href":"https:\/\/crarn.org.br\/index.php?rest_route=\/wp\/v2\/types\/post"}],"author":[{"embeddable":true,"href":"https:\/\/crarn.org.br\/index.php?rest_route=\/wp\/v2\/users\/26"}],"replies":[{"embeddable":true,"href":"https:\/\/crarn.org.br\/index.php?rest_route=%2Fwp%2Fv2%2Fcomments&post=63658"}],"version-history":[{"count":1,"href":"https:\/\/crarn.org.br\/index.php?rest_route=\/wp\/v2\/posts\/63658\/revisions"}],"predecessor-version":[{"id":63660,"href":"https:\/\/crarn.org.br\/index.php?rest_route=\/wp\/v2\/posts\/63658\/revisions\/63660"}],"wp:featuredmedia":[{"embeddable":true,"href":"https:\/\/crarn.org.br\/index.php?rest_route=\/wp\/v2\/media\/63659"}],"wp:attachment":[{"href":"https:\/\/crarn.org.br\/index.php?rest_route=%2Fwp%2Fv2%2Fmedia&parent=63658"}],"wp:term":[{"taxonomy":"category","embeddable":true,"href":"https:\/\/crarn.org.br\/index.php?rest_route=%2Fwp%2Fv2%2Fcategories&post=63658"},{"taxonomy":"post_tag","embeddable":true,"href":"https:\/\/crarn.org.br\/index.php?rest_route=%2Fwp%2Fv2%2Ftags&post=63658"}],"curies":[{"name":"wp","href":"https:\/\/api.w.org\/{rel}","templated":true}]}}