{"id":63652,"date":"2021-04-26T14:47:49","date_gmt":"2021-04-26T17:47:49","guid":{"rendered":"https:\/\/crarn.org.br\/?p=63652"},"modified":"2021-04-26T14:47:52","modified_gmt":"2021-04-26T17:47:52","slug":"60-minutos-com-a-fiscalizacao","status":"publish","type":"post","link":"https:\/\/crarn.org.br\/?p=63652","title":{"rendered":"60 Minutos com a Fiscaliza\u00e7\u00e3o"},"content":{"rendered":"\n<p>O CRA-RN lan\u00e7ou um novo projeto, o &#8220;60Minutos com a Fiscaliza\u00e7\u00e3o&#8221;.<\/p>\n<p>Quinzenalmente, s\u00e3o discutidos temas relativos \u00e0 fiscaliza\u00e7\u00e3o e de interesse de profissionais e estudantes.<\/p>\n<p>AS lives s\u00e3o realizadas pelo Instagran @cra_rnoficial.<\/p>\n<button class=\"simplefavorite-button\" data-postid=\"63652\" data-siteid=\"1\" data-groupid=\"1\" data-favoritecount=\"0\" style=\"\">Favorite <i class=\"sf-icon-star-empty\"><\/i><\/button>","protected":false},"excerpt":{"rendered":"<p>O CRA-RN lan\u00e7ou um novo projeto, o &#8220;60Minutos com a Fiscaliza\u00e7\u00e3o&#8221;. Quinzenalmente, s\u00e3o discutidos temas relativos \u00e0 fiscaliza\u00e7\u00e3o e de interesse de profissionais e estudantes. AS lives s\u00e3o realizadas pelo Instagran @cra_rnoficial. Favorite<\/p>\n","protected":false},"author":26,"featured_media":63653,"comment_status":"closed","ping_status":"open","sticky":true,"template":"","format":"standard","meta":{"_price":"","_stock":"","_tribe_ticket_header":"","_tribe_default_ticket_provider":"","_tribe_ticket_capacity":"0","_ticket_start_date":"","_ticket_end_date":"","_tribe_ticket_show_description":"","_tribe_ticket_show_not_going":false,"_tribe_ticket_use_global_stock":"","_tribe_ticket_global_stock_level":"","_global_stock_mode":"","_global_stock_cap":"","_tribe_rsvp_for_event":"","_tribe_ticket_going_count":"","_tribe_ticket_not_going_count":"","_tribe_tickets_list":"[]","_tribe_ticket_has_attendee_info_fields":false,"footnotes":"","_links_to":"","_links_to_target":""},"categories":[547,310],"tags":[],"class_list":["post-63652","post","type-post","status-publish","format-standard","has-post-thumbnail","hentry","category-ano-2021","category-destaque-grande","entry","has-media"],"_links":{"self":[{"href":"https:\/\/crarn.org.br\/index.php?rest_route=\/wp\/v2\/posts\/63652","targetHints":{"allow":["GET"]}}],"collection":[{"href":"https:\/\/crarn.org.br\/index.php?rest_route=\/wp\/v2\/posts"}],"about":[{"href":"https:\/\/crarn.org.br\/index.php?rest_route=\/wp\/v2\/types\/post"}],"author":[{"embeddable":true,"href":"https:\/\/crarn.org.br\/index.php?rest_route=\/wp\/v2\/users\/26"}],"replies":[{"embeddable":true,"href":"https:\/\/crarn.org.br\/index.php?rest_route=%2Fwp%2Fv2%2Fcomments&post=63652"}],"version-history":[{"count":1,"href":"https:\/\/crarn.org.br\/index.php?rest_route=\/wp\/v2\/posts\/63652\/revisions"}],"predecessor-version":[{"id":63654,"href":"https:\/\/crarn.org.br\/index.php?rest_route=\/wp\/v2\/posts\/63652\/revisions\/63654"}],"wp:featuredmedia":[{"embeddable":true,"href":"https:\/\/crarn.org.br\/index.php?rest_route=\/wp\/v2\/media\/63653"}],"wp:attachment":[{"href":"https:\/\/crarn.org.br\/index.php?rest_route=%2Fwp%2Fv2%2Fmedia&parent=63652"}],"wp:term":[{"taxonomy":"category","embeddable":true,"href":"https:\/\/crarn.org.br\/index.php?rest_route=%2Fwp%2Fv2%2Fcategories&post=63652"},{"taxonomy":"post_tag","embeddable":true,"href":"https:\/\/crarn.org.br\/index.php?rest_route=%2Fwp%2Fv2%2Ftags&post=63652"}],"curies":[{"name":"wp","href":"https:\/\/api.w.org\/{rel}","templated":true}]}}