{"id":63641,"date":"2021-04-19T14:21:21","date_gmt":"2021-04-19T17:21:21","guid":{"rendered":"https:\/\/crarn.org.br\/?p=63641"},"modified":"2021-04-19T14:21:24","modified_gmt":"2021-04-19T17:21:24","slug":"plenaria-de-abril-discute-acoes-do-cra-rn","status":"publish","type":"post","link":"https:\/\/crarn.org.br\/?p=63641","title":{"rendered":"Plen\u00e1ria de abril discute a\u00e7\u00f5es do CRA-RN"},"content":{"rendered":"\n<p>Nesta segunda-feira (19\/04), o CRA-RN realizou a sess\u00e3o plen\u00e1ria do m\u00eas de abril de forma h\u00edbrida, com a presen\u00e7a do presidente, Fl\u00e1vio Em\u00edlio, da diretora administrativa financeira, Kate Maciel e do conselheiro Nivaldo Pessoa, na sede e os demais, participando de forma online.<\/p>\n<p>Entre os assuntos da pauta estavam a indica\u00e7\u00e3o da Delegada da Seccional Mossor\u00f3, M\u00e9rcia Barreto, para representar o CRA-RN junto ao CONSUNI\/UFERSA; contato com a a FEMURN\/FECAM com o objetivo de divulgar o \u00cdndice de Governan\u00e7a Municipal \u2013 IGM\/CFA para que os munic\u00edpios passem a utiliz\u00e1-lo na gest\u00e3o dos indicadores e como balizador das a\u00e7\u00f5es; projeto de coopera\u00e7\u00e3o com a CAERN, onde o CRA-RN ir\u00e1 at\u00e9 os profissionais da institui\u00e7\u00e3o para discutir sobre a profiss\u00e3o e sua atua\u00e7\u00e3o no mercado.<\/p>\n<p>O Pr\u00eamio Belmiro Siqueira, promovido pelo CFA tamb\u00e9m fez parte da pauta. Durante a reuni\u00e3o foram definidos os nomes dos componentes da comiss\u00e3o local de avalia\u00e7\u00e3o dos trabalhos: vice-presidente, Rodrigo Fortunato; conselheiro Pablo Phorlan e administrador e professor do IFRN de Currais Novos, Daniel Cortez.<\/p>\n<p>A Diretoria de Fiscaliza\u00e7\u00e3o, trouxe boas not\u00edcias sobre o aumento no n\u00famero de registros junto ao conselho.<\/p>\n<p>Tamb\u00e9m participaram da reuni\u00e3o, o vice-presidente, Rodrigo Fortunato, a Diretora de Forma\u00e7\u00e3o, Isabella Mendon\u00e7a, o Diretor de Fiscaliza\u00e7\u00e3o, Di\u00eago Dantas e os conselheiros efetivos, C\u00e9lia Ribeiro, Pablo Phorlan, Zen\u00f3bio Pereira, \u00a0os suplentes Adrina de Souza, Maria das Neves Maia e Daniel Fons\u00eaca, al\u00e9m da delegada da seccional Mossor\u00f3, M\u00e9rcia Barreto e do conselheiro federal efetivo, J\u00falio Rezende e o suplente, Sandro Pach\u00eaco.<\/p>\n<button class=\"simplefavorite-button\" data-postid=\"63641\" data-siteid=\"1\" data-groupid=\"1\" data-favoritecount=\"0\" style=\"\">Favorite <i class=\"sf-icon-star-empty\"><\/i><\/button>","protected":false},"excerpt":{"rendered":"<p>Nesta segunda-feira (19\/04), o CRA-RN realizou a sess\u00e3o plen\u00e1ria do m\u00eas de abril de forma h\u00edbrida, com a presen\u00e7a do presidente, Fl\u00e1vio Em\u00edlio, da diretora administrativa financeira, Kate Maciel e do conselheiro Nivaldo Pessoa, na sede e os demais, participando de forma online. Entre os assuntos da pauta estavam a indica\u00e7\u00e3o da Delegada da Seccional<a class=\"read-more\" href=\"https:\/\/crarn.org.br\/?p=63641\"> [&hellip;]<\/a><\/p>\n","protected":false},"author":26,"featured_media":63642,"comment_status":"closed","ping_status":"open","sticky":true,"template":"","format":"standard","meta":{"_price":"","_stock":"","_tribe_ticket_header":"","_tribe_default_ticket_provider":"","_tribe_ticket_capacity":"0","_ticket_start_date":"","_ticket_end_date":"","_tribe_ticket_show_description":"","_tribe_ticket_show_not_going":false,"_tribe_ticket_use_global_stock":"","_tribe_ticket_global_stock_level":"","_global_stock_mode":"","_global_stock_cap":"","_tribe_rsvp_for_event":"","_tribe_ticket_going_count":"","_tribe_ticket_not_going_count":"","_tribe_tickets_list":"[]","_tribe_ticket_has_attendee_info_fields":false,"footnotes":"","_links_to":"","_links_to_target":""},"categories":[547,310,399,309],"tags":[],"class_list":["post-63641","post","type-post","status-publish","format-standard","has-post-thumbnail","hentry","category-ano-2021","category-destaque-grande","category-institucional","category-ultimas-noticias","entry","has-media"],"_links":{"self":[{"href":"https:\/\/crarn.org.br\/index.php?rest_route=\/wp\/v2\/posts\/63641","targetHints":{"allow":["GET"]}}],"collection":[{"href":"https:\/\/crarn.org.br\/index.php?rest_route=\/wp\/v2\/posts"}],"about":[{"href":"https:\/\/crarn.org.br\/index.php?rest_route=\/wp\/v2\/types\/post"}],"author":[{"embeddable":true,"href":"https:\/\/crarn.org.br\/index.php?rest_route=\/wp\/v2\/users\/26"}],"replies":[{"embeddable":true,"href":"https:\/\/crarn.org.br\/index.php?rest_route=%2Fwp%2Fv2%2Fcomments&post=63641"}],"version-history":[{"count":1,"href":"https:\/\/crarn.org.br\/index.php?rest_route=\/wp\/v2\/posts\/63641\/revisions"}],"predecessor-version":[{"id":63643,"href":"https:\/\/crarn.org.br\/index.php?rest_route=\/wp\/v2\/posts\/63641\/revisions\/63643"}],"wp:featuredmedia":[{"embeddable":true,"href":"https:\/\/crarn.org.br\/index.php?rest_route=\/wp\/v2\/media\/63642"}],"wp:attachment":[{"href":"https:\/\/crarn.org.br\/index.php?rest_route=%2Fwp%2Fv2%2Fmedia&parent=63641"}],"wp:term":[{"taxonomy":"category","embeddable":true,"href":"https:\/\/crarn.org.br\/index.php?rest_route=%2Fwp%2Fv2%2Fcategories&post=63641"},{"taxonomy":"post_tag","embeddable":true,"href":"https:\/\/crarn.org.br\/index.php?rest_route=%2Fwp%2Fv2%2Ftags&post=63641"}],"curies":[{"name":"wp","href":"https:\/\/api.w.org\/{rel}","templated":true}]}}