{"id":63634,"date":"2021-04-16T15:32:22","date_gmt":"2021-04-16T18:32:22","guid":{"rendered":"https:\/\/crarn.org.br\/?p=63634"},"modified":"2021-04-16T15:32:25","modified_gmt":"2021-04-16T18:32:25","slug":"diretor-de-fiscalizacao-do-cra-rn-visita-seccional-mossoro","status":"publish","type":"post","link":"https:\/\/crarn.org.br\/?p=63634","title":{"rendered":"Diretor de Fiscaliza\u00e7\u00e3o do CRA-RN visita seccional Mossor\u00f3"},"content":{"rendered":"\n<p>\u00a0<\/p>\n<p>Em visita \u00e0 Mossor\u00f3, nesta quinta-feira (15\/04), o Diretor de Fiscaliza\u00e7\u00e3o e Registro do CRA-RN, Adm. Di\u00eago Dantas, reuniu-se com a Delegada da Seccional na cidade, Adm. M\u00e9rcia Barr\u00eato.<\/p>\n<p>No encontro, a pauta envolveu assuntos de interesse da fiscaliza\u00e7\u00e3o como: Planejamento de a\u00e7\u00f5es do Plano Anual de Fiscaliza\u00e7\u00e3o e Registro; organiza\u00e7\u00e3o e estrutura\u00e7\u00e3o de processos; conv\u00eanios com institui\u00e7\u00f5es; eventos de forma\u00e7\u00e3o e fluxo de informa\u00e7\u00f5es entre a seccional e a sede em Natal. A delegada tamb\u00e9m aproveitou para fazer algumas proposi\u00e7\u00f5es e dar sugest\u00f5es para elevar o n\u00famero de registrados.<\/p>\n<p>Ao final, ficou evidente o alinhamento entre a filosofia de trabalho da delegada da seccional com a diretoria de fiscaliza\u00e7\u00e3o.<\/p>\n<button class=\"simplefavorite-button\" data-postid=\"63634\" data-siteid=\"1\" data-groupid=\"1\" data-favoritecount=\"0\" style=\"\">Favorite <i class=\"sf-icon-star-empty\"><\/i><\/button>","protected":false},"excerpt":{"rendered":"<p>\u00a0 Em visita \u00e0 Mossor\u00f3, nesta quinta-feira (15\/04), o Diretor de Fiscaliza\u00e7\u00e3o e Registro do CRA-RN, Adm. Di\u00eago Dantas, reuniu-se com a Delegada da Seccional na cidade, Adm. M\u00e9rcia Barr\u00eato. No encontro, a pauta envolveu assuntos de interesse da fiscaliza\u00e7\u00e3o como: Planejamento de a\u00e7\u00f5es do Plano Anual de Fiscaliza\u00e7\u00e3o e Registro; organiza\u00e7\u00e3o e estrutura\u00e7\u00e3o de<a class=\"read-more\" href=\"https:\/\/crarn.org.br\/?p=63634\"> [&hellip;]<\/a><\/p>\n","protected":false},"author":26,"featured_media":63635,"comment_status":"closed","ping_status":"open","sticky":true,"template":"","format":"standard","meta":{"_price":"","_stock":"","_tribe_ticket_header":"","_tribe_default_ticket_provider":"","_tribe_ticket_capacity":"0","_ticket_start_date":"","_ticket_end_date":"","_tribe_ticket_show_description":"","_tribe_ticket_show_not_going":false,"_tribe_ticket_use_global_stock":"","_tribe_ticket_global_stock_level":"","_global_stock_mode":"","_global_stock_cap":"","_tribe_rsvp_for_event":"","_tribe_ticket_going_count":"","_tribe_ticket_not_going_count":"","_tribe_tickets_list":"[]","_tribe_ticket_has_attendee_info_fields":false,"footnotes":"","_links_to":"","_links_to_target":""},"categories":[547,310,320,399,309],"tags":[],"class_list":["post-63634","post","type-post","status-publish","format-standard","has-post-thumbnail","hentry","category-ano-2021","category-destaque-grande","category-home","category-institucional","category-ultimas-noticias","entry","has-media"],"_links":{"self":[{"href":"https:\/\/crarn.org.br\/index.php?rest_route=\/wp\/v2\/posts\/63634","targetHints":{"allow":["GET"]}}],"collection":[{"href":"https:\/\/crarn.org.br\/index.php?rest_route=\/wp\/v2\/posts"}],"about":[{"href":"https:\/\/crarn.org.br\/index.php?rest_route=\/wp\/v2\/types\/post"}],"author":[{"embeddable":true,"href":"https:\/\/crarn.org.br\/index.php?rest_route=\/wp\/v2\/users\/26"}],"replies":[{"embeddable":true,"href":"https:\/\/crarn.org.br\/index.php?rest_route=%2Fwp%2Fv2%2Fcomments&post=63634"}],"version-history":[{"count":1,"href":"https:\/\/crarn.org.br\/index.php?rest_route=\/wp\/v2\/posts\/63634\/revisions"}],"predecessor-version":[{"id":63636,"href":"https:\/\/crarn.org.br\/index.php?rest_route=\/wp\/v2\/posts\/63634\/revisions\/63636"}],"wp:featuredmedia":[{"embeddable":true,"href":"https:\/\/crarn.org.br\/index.php?rest_route=\/wp\/v2\/media\/63635"}],"wp:attachment":[{"href":"https:\/\/crarn.org.br\/index.php?rest_route=%2Fwp%2Fv2%2Fmedia&parent=63634"}],"wp:term":[{"taxonomy":"category","embeddable":true,"href":"https:\/\/crarn.org.br\/index.php?rest_route=%2Fwp%2Fv2%2Fcategories&post=63634"},{"taxonomy":"post_tag","embeddable":true,"href":"https:\/\/crarn.org.br\/index.php?rest_route=%2Fwp%2Fv2%2Ftags&post=63634"}],"curies":[{"name":"wp","href":"https:\/\/api.w.org\/{rel}","templated":true}]}}