{"id":63625,"date":"2021-04-14T15:56:29","date_gmt":"2021-04-14T18:56:29","guid":{"rendered":"https:\/\/crarn.org.br\/?p=63625"},"modified":"2021-04-14T15:56:36","modified_gmt":"2021-04-14T18:56:36","slug":"forum-preve-desconto-na-inscricao-para-grupos-a-partir-de-seis-participantes","status":"publish","type":"post","link":"https:\/\/crarn.org.br\/?p=63625","title":{"rendered":"F\u00f3rum prev\u00ea desconto na inscri\u00e7\u00e3o para grupos a partir de seis participantes"},"content":{"rendered":"\n<h2 class=\"wp-block-heading\"><\/h2>\n\n\n\n<p>Os interessados na segunda edi\u00e7\u00e3o do F\u00f3rum de Gest\u00e3o P\u00fablica que estavam esperando a abertura das inscri\u00e7\u00f5es j\u00e1 podem garantir suas vagas. O evento ser\u00e1 realizado nos dias 4, 5 e 6 de maio, de forma on-line. Para participar, \u00e9 preciso fazer a inscri\u00e7\u00e3o no F\u00f3rum, cujos valores variam de acordo com a categoria do participante. S\u00e3o R$ 100,00 para os profissionais de Administra\u00e7\u00e3o n\u00e3o registrados; R$ 50,00 para os registrados; e R$ 25,00 para estudantes.<\/p>\n<p>O evento \u00e9 uma realiza\u00e7\u00e3o do Conselho Regional de Administra\u00e7\u00e3o de Minas Gerais (CRA-MG) em parceria com o Conselho Federal de Administra\u00e7\u00e3o (CFA). Para grupos acima de seis participantes, haver\u00e1 condi\u00e7\u00f5es diferenciadas. Para os profissionais n\u00e3o registrados, o valor ser\u00e1 de R$ 80,00 por pessoa; j\u00e1 os registrados, o investimento \u00e9 de R$ 30,00 por pessoa; e para os estudantes, a inscri\u00e7\u00e3o custar\u00e1 R$ 20,00.<\/p>\n<p>Para acessar a programa\u00e7\u00e3o* e garantir a sua inscri\u00e7\u00e3o, acesse: <a href=\"http:\/\/www.fogesp.org.br\">www.fogesp.org.br<\/a>.\u00a0<\/p>\n<p><i>O evento<\/i>\u00a0<\/p>\n<p>Em 2021 um dos objetivos do Fogesp \u00e9 promover um intenso debate sobre o tema \u201cDesafios da Inova\u00e7\u00e3o e Disruptividade na Gest\u00e3o P\u00fablica\u201d. Para que a inova\u00e7\u00e3o na gest\u00e3o p\u00fablica aconte\u00e7a, \u00e9 necess\u00e1rio compreender o conceito de forma mais ampla, mantendo, ao mesmo tempo, a particularidade do que \u00e9 o servi\u00e7o p\u00fablico em sua identidade e em suas determina\u00e7\u00f5es.<\/p>\n<p>Est\u00e3o previstos, em tr\u00eas dias de evento, debates sobre tecnologia e inova\u00e7\u00e3o, conhecimento, habilidades e atitude do novo profissional da gest\u00e3o p\u00fablica, melhorias na gest\u00e3o p\u00fablica, reestrutura\u00e7\u00e3o de processos e racionaliza\u00e7\u00e3o administrativa da gest\u00e3o p\u00fablica.\u00a0<\/p>\n<p>A organiza\u00e7\u00e3o do F\u00f3rum reuniu um time experiente em gest\u00e3o p\u00fablica para falar sobre esses assuntos. Entre os palestrantes confirmados est\u00e3o prefeitos, governadores, gestores p\u00fablicos e administradores, como a secret\u00e1ria especial de Assunto Federativos, D\u00e9bora Ar\u00f4xa.\u00a0<\/p>\n<p>O professor especialista em Gest\u00e3o e Governan\u00e7a para Conselhos Profissionais, Paulo Porto; a professora universit\u00e1ria, Nilsa Fleury; o professor e consultor, Felipe Ansaloni; e o administrador, professor e pesquisador do N\u00facleo de Inova\u00e7\u00e3o e Empreendedorismo da Funda\u00e7\u00e3o Dom Cabral, Hugo Ferreira Braga Tadeu, tamb\u00e9m confirmaram presen\u00e7a no evento que promete lan\u00e7ar significativas contribui\u00e7\u00f5es para a gest\u00e3o p\u00fablica do pa\u00eds.<\/p>\n<p>\u00a0<\/p>\n<p>*Programa\u00e7\u00e3o sujeita a altera\u00e7\u00f5es.<\/p>\n<p>\u00a0<\/p>\n<p>Assessoria de Comunica\u00e7\u00e3o CFA<\/p>\n<p>Elisa Ventura\u00a0\u00a0<\/p>\n<button class=\"simplefavorite-button\" data-postid=\"63625\" data-siteid=\"1\" data-groupid=\"1\" data-favoritecount=\"0\" style=\"\">Favorite <i class=\"sf-icon-star-empty\"><\/i><\/button>","protected":false},"excerpt":{"rendered":"<p>Os interessados na segunda edi\u00e7\u00e3o do F\u00f3rum de Gest\u00e3o P\u00fablica que estavam esperando a abertura das inscri\u00e7\u00f5es j\u00e1 podem garantir suas vagas. O evento ser\u00e1 realizado nos dias 4, 5 e 6 de maio, de forma on-line. Para participar, \u00e9 preciso fazer a inscri\u00e7\u00e3o no F\u00f3rum, cujos valores variam de acordo com a categoria do<a class=\"read-more\" href=\"https:\/\/crarn.org.br\/?p=63625\"> [&hellip;]<\/a><\/p>\n","protected":false},"author":26,"featured_media":63626,"comment_status":"closed","ping_status":"open","sticky":true,"template":"","format":"standard","meta":{"_price":"","_stock":"","_tribe_ticket_header":"","_tribe_default_ticket_provider":"","_tribe_ticket_capacity":"0","_ticket_start_date":"","_ticket_end_date":"","_tribe_ticket_show_description":"","_tribe_ticket_show_not_going":false,"_tribe_ticket_use_global_stock":"","_tribe_ticket_global_stock_level":"","_global_stock_mode":"","_global_stock_cap":"","_tribe_rsvp_for_event":"","_tribe_ticket_going_count":"","_tribe_ticket_not_going_count":"","_tribe_tickets_list":"[]","_tribe_ticket_has_attendee_info_fields":false,"footnotes":"","_links_to":"","_links_to_target":""},"categories":[547,426,310,399,309],"tags":[],"class_list":["post-63625","post","type-post","status-publish","format-standard","has-post-thumbnail","hentry","category-ano-2021","category-cfa","category-destaque-grande","category-institucional","category-ultimas-noticias","entry","has-media"],"_links":{"self":[{"href":"https:\/\/crarn.org.br\/index.php?rest_route=\/wp\/v2\/posts\/63625","targetHints":{"allow":["GET"]}}],"collection":[{"href":"https:\/\/crarn.org.br\/index.php?rest_route=\/wp\/v2\/posts"}],"about":[{"href":"https:\/\/crarn.org.br\/index.php?rest_route=\/wp\/v2\/types\/post"}],"author":[{"embeddable":true,"href":"https:\/\/crarn.org.br\/index.php?rest_route=\/wp\/v2\/users\/26"}],"replies":[{"embeddable":true,"href":"https:\/\/crarn.org.br\/index.php?rest_route=%2Fwp%2Fv2%2Fcomments&post=63625"}],"version-history":[{"count":1,"href":"https:\/\/crarn.org.br\/index.php?rest_route=\/wp\/v2\/posts\/63625\/revisions"}],"predecessor-version":[{"id":63627,"href":"https:\/\/crarn.org.br\/index.php?rest_route=\/wp\/v2\/posts\/63625\/revisions\/63627"}],"wp:featuredmedia":[{"embeddable":true,"href":"https:\/\/crarn.org.br\/index.php?rest_route=\/wp\/v2\/media\/63626"}],"wp:attachment":[{"href":"https:\/\/crarn.org.br\/index.php?rest_route=%2Fwp%2Fv2%2Fmedia&parent=63625"}],"wp:term":[{"taxonomy":"category","embeddable":true,"href":"https:\/\/crarn.org.br\/index.php?rest_route=%2Fwp%2Fv2%2Fcategories&post=63625"},{"taxonomy":"post_tag","embeddable":true,"href":"https:\/\/crarn.org.br\/index.php?rest_route=%2Fwp%2Fv2%2Ftags&post=63625"}],"curies":[{"name":"wp","href":"https:\/\/api.w.org\/{rel}","templated":true}]}}