{"id":63613,"date":"2021-04-13T09:40:36","date_gmt":"2021-04-13T12:40:36","guid":{"rendered":"https:\/\/crarn.org.br\/?p=63613"},"modified":"2021-04-13T12:40:10","modified_gmt":"2021-04-13T15:40:10","slug":"como-identificar-os-cargos-privativos-do-profissional-de-administracao","status":"publish","type":"post","link":"https:\/\/crarn.org.br\/?p=63613","title":{"rendered":"Como identificar os cargos privativos do profissional de Administra\u00e7\u00e3o?"},"content":{"rendered":"\n<p>Quando o estudante entra no curso superior de Administra\u00e7\u00e3o, um dos motivos da escolha, confirmada pela pesquisa nacional do CFA, \u00e9 a ampla oportunidade de atua\u00e7\u00e3o no mercado de trabalho. Por\u00e9m, quando ele sai da gradua\u00e7\u00e3o tem a sensa\u00e7\u00e3o de que o mercado \u00e9 pequeno e saturado.<\/p>\n<p>Ent\u00e3o surge o questionamento: como identificar se est\u00e3o exercendo a profiss\u00e3o? Quais as possibilidades?<\/p>\n<p>Para quem deseja conhecer melhor as v\u00e1rias formas de atua\u00e7\u00e3o no campo do Profissional de Administra\u00e7\u00e3o, nesta ter\u00e7a-feira (13\/04), o CRA-RN vai responder \u00e0 essa pergunta na live do projeto \u201c60 minutos com a Fiscaliza\u00e7\u00e3o\u201d.<\/p>\n<p>O Diretor de Fiscaliza\u00e7\u00e3o do regional, Di\u00eago Dantas e a Coordenadora, Tatiana Costa Pinto, estar\u00e3o na live, que tamb\u00e9m poder\u00e1 contar com a participa\u00e7\u00e3o dos profissionais que estiverem assistindo.<\/p>\n<p>Come\u00e7a \u00e0s 19h, no @cra_rnoficial.<\/p>\n<button class=\"simplefavorite-button\" data-postid=\"63613\" data-siteid=\"1\" data-groupid=\"1\" data-favoritecount=\"0\" style=\"\">Favorite <i class=\"sf-icon-star-empty\"><\/i><\/button>","protected":false},"excerpt":{"rendered":"<p>Quando o estudante entra no curso superior de Administra\u00e7\u00e3o, um dos motivos da escolha, confirmada pela pesquisa nacional do CFA, \u00e9 a ampla oportunidade de atua\u00e7\u00e3o no mercado de trabalho. Por\u00e9m, quando ele sai da gradua\u00e7\u00e3o tem a sensa\u00e7\u00e3o de que o mercado \u00e9 pequeno e saturado. Ent\u00e3o surge o questionamento: como identificar se est\u00e3o<a class=\"read-more\" href=\"https:\/\/crarn.org.br\/?p=63613\"> [&hellip;]<\/a><\/p>\n","protected":false},"author":26,"featured_media":63614,"comment_status":"closed","ping_status":"open","sticky":true,"template":"","format":"standard","meta":{"_price":"","_stock":"","_tribe_ticket_header":"","_tribe_default_ticket_provider":"","_tribe_ticket_capacity":"0","_ticket_start_date":"","_ticket_end_date":"","_tribe_ticket_show_description":"","_tribe_ticket_show_not_going":false,"_tribe_ticket_use_global_stock":"","_tribe_ticket_global_stock_level":"","_global_stock_mode":"","_global_stock_cap":"","_tribe_rsvp_for_event":"","_tribe_ticket_going_count":"","_tribe_ticket_not_going_count":"","_tribe_tickets_list":"[]","_tribe_ticket_has_attendee_info_fields":false,"footnotes":"","_links_to":"","_links_to_target":""},"categories":[547,310,399,309],"tags":[],"class_list":["post-63613","post","type-post","status-publish","format-standard","has-post-thumbnail","hentry","category-ano-2021","category-destaque-grande","category-institucional","category-ultimas-noticias","entry","has-media"],"_links":{"self":[{"href":"https:\/\/crarn.org.br\/index.php?rest_route=\/wp\/v2\/posts\/63613","targetHints":{"allow":["GET"]}}],"collection":[{"href":"https:\/\/crarn.org.br\/index.php?rest_route=\/wp\/v2\/posts"}],"about":[{"href":"https:\/\/crarn.org.br\/index.php?rest_route=\/wp\/v2\/types\/post"}],"author":[{"embeddable":true,"href":"https:\/\/crarn.org.br\/index.php?rest_route=\/wp\/v2\/users\/26"}],"replies":[{"embeddable":true,"href":"https:\/\/crarn.org.br\/index.php?rest_route=%2Fwp%2Fv2%2Fcomments&post=63613"}],"version-history":[{"count":3,"href":"https:\/\/crarn.org.br\/index.php?rest_route=\/wp\/v2\/posts\/63613\/revisions"}],"predecessor-version":[{"id":63617,"href":"https:\/\/crarn.org.br\/index.php?rest_route=\/wp\/v2\/posts\/63613\/revisions\/63617"}],"wp:featuredmedia":[{"embeddable":true,"href":"https:\/\/crarn.org.br\/index.php?rest_route=\/wp\/v2\/media\/63614"}],"wp:attachment":[{"href":"https:\/\/crarn.org.br\/index.php?rest_route=%2Fwp%2Fv2%2Fmedia&parent=63613"}],"wp:term":[{"taxonomy":"category","embeddable":true,"href":"https:\/\/crarn.org.br\/index.php?rest_route=%2Fwp%2Fv2%2Fcategories&post=63613"},{"taxonomy":"post_tag","embeddable":true,"href":"https:\/\/crarn.org.br\/index.php?rest_route=%2Fwp%2Fv2%2Ftags&post=63613"}],"curies":[{"name":"wp","href":"https:\/\/api.w.org\/{rel}","templated":true}]}}