{"id":63605,"date":"2021-04-08T16:42:57","date_gmt":"2021-04-08T19:42:57","guid":{"rendered":"https:\/\/crarn.org.br\/?p=63605"},"modified":"2021-04-09T17:49:04","modified_gmt":"2021-04-09T20:49:04","slug":"cra-rn-lanca-conciliacao-para-anuidades-anteriores-a-2020","status":"publish","type":"post","link":"https:\/\/crarn.org.br\/?p=63605","title":{"rendered":"CRA-RN lan\u00e7a concilia\u00e7\u00e3o para anuidades anteriores a 2020"},"content":{"rendered":"\n<p>\u00a0<\/p>\n<p>O CRA-RN oferece uma nova chance para os registrados regularizarem as anuidades, em atraso, anteriores a 2020.<\/p>\n<p>At\u00e9 o dia 30 de dezembro de 2021, os d\u00e9bitos poder\u00e3o ser negociados com at\u00e9 90% de desconto nos juros e multas e parcelados em at\u00e9 12 vezes, no cart\u00e3o de cr\u00e9dito.<\/p>\n<p>O registrado poder\u00e1 escolher entre as formas de pagamento dispon\u00edveis:<\/p>\n<p>&#8211; \u00c0 vista, com 90% de desconto sobre juros e multa;<\/p>\n<p>&#8211; Dividido em 02 ou at\u00e9 05 parcelas fixas, com\u00a0 60% de desconto sobre as multas e juros;<\/p>\n<p>&#8211; Dividido em 06 ou at\u00e9 10 parcelas fixas, com 40% de desconto sobre as multas e juros;<\/p>\n<p>&#8211; Acima de 10, at\u00e9 12 parcelas fixas, 20% de desconto sobre as multas e juros.<\/p>\n<p>\u00a0<\/p>\n<p>Interessados podem enviar e-mail para financeiro@crarn.org.br.<\/p>\n<button class=\"simplefavorite-button\" data-postid=\"63605\" data-siteid=\"1\" data-groupid=\"1\" data-favoritecount=\"0\" style=\"\">Favorite <i class=\"sf-icon-star-empty\"><\/i><\/button>","protected":false},"excerpt":{"rendered":"<p>\u00a0 O CRA-RN oferece uma nova chance para os registrados regularizarem as anuidades, em atraso, anteriores a 2020. At\u00e9 o dia 30 de dezembro de 2021, os d\u00e9bitos poder\u00e3o ser negociados com at\u00e9 90% de desconto nos juros e multas e parcelados em at\u00e9 12 vezes, no cart\u00e3o de cr\u00e9dito. O registrado poder\u00e1 escolher entre<a class=\"read-more\" href=\"https:\/\/crarn.org.br\/?p=63605\"> [&hellip;]<\/a><\/p>\n","protected":false},"author":26,"featured_media":63606,"comment_status":"closed","ping_status":"open","sticky":true,"template":"","format":"standard","meta":{"_price":"","_stock":"","_tribe_ticket_header":"","_tribe_default_ticket_provider":"","_tribe_ticket_capacity":"0","_ticket_start_date":"","_ticket_end_date":"","_tribe_ticket_show_description":"","_tribe_ticket_show_not_going":false,"_tribe_ticket_use_global_stock":"","_tribe_ticket_global_stock_level":"","_global_stock_mode":"","_global_stock_cap":"","_tribe_rsvp_for_event":"","_tribe_ticket_going_count":"","_tribe_ticket_not_going_count":"","_tribe_tickets_list":"[]","_tribe_ticket_has_attendee_info_fields":false,"footnotes":"","_links_to":"","_links_to_target":""},"categories":[547,310,312,399,309],"tags":[],"class_list":["post-63605","post","type-post","status-publish","format-standard","has-post-thumbnail","hentry","category-ano-2021","category-destaque-grande","category-destaque-pequeno-inferior","category-institucional","category-ultimas-noticias","entry","has-media"],"_links":{"self":[{"href":"https:\/\/crarn.org.br\/index.php?rest_route=\/wp\/v2\/posts\/63605","targetHints":{"allow":["GET"]}}],"collection":[{"href":"https:\/\/crarn.org.br\/index.php?rest_route=\/wp\/v2\/posts"}],"about":[{"href":"https:\/\/crarn.org.br\/index.php?rest_route=\/wp\/v2\/types\/post"}],"author":[{"embeddable":true,"href":"https:\/\/crarn.org.br\/index.php?rest_route=\/wp\/v2\/users\/26"}],"replies":[{"embeddable":true,"href":"https:\/\/crarn.org.br\/index.php?rest_route=%2Fwp%2Fv2%2Fcomments&post=63605"}],"version-history":[{"count":1,"href":"https:\/\/crarn.org.br\/index.php?rest_route=\/wp\/v2\/posts\/63605\/revisions"}],"predecessor-version":[{"id":63607,"href":"https:\/\/crarn.org.br\/index.php?rest_route=\/wp\/v2\/posts\/63605\/revisions\/63607"}],"wp:featuredmedia":[{"embeddable":true,"href":"https:\/\/crarn.org.br\/index.php?rest_route=\/wp\/v2\/media\/63606"}],"wp:attachment":[{"href":"https:\/\/crarn.org.br\/index.php?rest_route=%2Fwp%2Fv2%2Fmedia&parent=63605"}],"wp:term":[{"taxonomy":"category","embeddable":true,"href":"https:\/\/crarn.org.br\/index.php?rest_route=%2Fwp%2Fv2%2Fcategories&post=63605"},{"taxonomy":"post_tag","embeddable":true,"href":"https:\/\/crarn.org.br\/index.php?rest_route=%2Fwp%2Fv2%2Ftags&post=63605"}],"curies":[{"name":"wp","href":"https:\/\/api.w.org\/{rel}","templated":true}]}}