{"id":63602,"date":"2021-04-06T15:52:55","date_gmt":"2021-04-06T18:52:55","guid":{"rendered":"https:\/\/crarn.org.br\/?p=63602"},"modified":"2021-04-06T16:56:58","modified_gmt":"2021-04-06T19:56:58","slug":"adm-mulher-debate-a-recolocacao-profissional","status":"publish","type":"post","link":"https:\/\/crarn.org.br\/?p=63602","title":{"rendered":"ADM Mulher debate a recoloca\u00e7\u00e3o profissional"},"content":{"rendered":"\n<p>\u00a0<\/p>\n<p>A Comiss\u00e3o ADM Mulher do CRA-RN realiza mais uma live nesta quinta-feira (08\/04) sobre \u201cRecoloca\u00e7\u00e3o Profissional\u201d.<\/p>\n<p>A administradora Simone Rom\u00e3o, que faz parte da ADM Mulher do CRA-RN e a administradora, professora, mentora e palestrante, Katarina Alc\u00e2ntara, v\u00e3o discutir sobre a situa\u00e7\u00e3o dos profissionais que perderam o emprego e procuram nova coloca\u00e7\u00e3o; o perfil do profissional que o mercado est\u00e1 buscando; as compet\u00eancias necess\u00e1rias para quem busca um novo emprego, etc.<\/p>\n<p>A live ser\u00e1 transmitida pelo Instagran @cra_rnoficial, a partir das 19h30.<\/p>\n<p>\u00a0<\/p>\n<button class=\"simplefavorite-button\" data-postid=\"63602\" data-siteid=\"1\" data-groupid=\"1\" data-favoritecount=\"0\" style=\"\">Favorite <i class=\"sf-icon-star-empty\"><\/i><\/button>","protected":false},"excerpt":{"rendered":"<p>\u00a0 A Comiss\u00e3o ADM Mulher do CRA-RN realiza mais uma live nesta quinta-feira (08\/04) sobre \u201cRecoloca\u00e7\u00e3o Profissional\u201d. A administradora Simone Rom\u00e3o, que faz parte da ADM Mulher do CRA-RN e a administradora, professora, mentora e palestrante, Katarina Alc\u00e2ntara, v\u00e3o discutir sobre a situa\u00e7\u00e3o dos profissionais que perderam o emprego e procuram nova coloca\u00e7\u00e3o; o perfil<a class=\"read-more\" href=\"https:\/\/crarn.org.br\/?p=63602\"> [&hellip;]<\/a><\/p>\n","protected":false},"author":26,"featured_media":63603,"comment_status":"closed","ping_status":"open","sticky":true,"template":"","format":"standard","meta":{"_price":"","_stock":"","_tribe_ticket_header":"","_tribe_default_ticket_provider":"","_tribe_ticket_capacity":"0","_ticket_start_date":"","_ticket_end_date":"","_tribe_ticket_show_description":"","_tribe_ticket_show_not_going":false,"_tribe_ticket_use_global_stock":"","_tribe_ticket_global_stock_level":"","_global_stock_mode":"","_global_stock_cap":"","_tribe_rsvp_for_event":"","_tribe_ticket_going_count":"","_tribe_ticket_not_going_count":"","_tribe_tickets_list":"[]","_tribe_ticket_has_attendee_info_fields":false,"footnotes":"","_links_to":"","_links_to_target":""},"categories":[547,310,312,399,309],"tags":[],"class_list":["post-63602","post","type-post","status-publish","format-standard","has-post-thumbnail","hentry","category-ano-2021","category-destaque-grande","category-destaque-pequeno-inferior","category-institucional","category-ultimas-noticias","entry","has-media"],"_links":{"self":[{"href":"https:\/\/crarn.org.br\/index.php?rest_route=\/wp\/v2\/posts\/63602","targetHints":{"allow":["GET"]}}],"collection":[{"href":"https:\/\/crarn.org.br\/index.php?rest_route=\/wp\/v2\/posts"}],"about":[{"href":"https:\/\/crarn.org.br\/index.php?rest_route=\/wp\/v2\/types\/post"}],"author":[{"embeddable":true,"href":"https:\/\/crarn.org.br\/index.php?rest_route=\/wp\/v2\/users\/26"}],"replies":[{"embeddable":true,"href":"https:\/\/crarn.org.br\/index.php?rest_route=%2Fwp%2Fv2%2Fcomments&post=63602"}],"version-history":[{"count":1,"href":"https:\/\/crarn.org.br\/index.php?rest_route=\/wp\/v2\/posts\/63602\/revisions"}],"predecessor-version":[{"id":63604,"href":"https:\/\/crarn.org.br\/index.php?rest_route=\/wp\/v2\/posts\/63602\/revisions\/63604"}],"wp:featuredmedia":[{"embeddable":true,"href":"https:\/\/crarn.org.br\/index.php?rest_route=\/wp\/v2\/media\/63603"}],"wp:attachment":[{"href":"https:\/\/crarn.org.br\/index.php?rest_route=%2Fwp%2Fv2%2Fmedia&parent=63602"}],"wp:term":[{"taxonomy":"category","embeddable":true,"href":"https:\/\/crarn.org.br\/index.php?rest_route=%2Fwp%2Fv2%2Fcategories&post=63602"},{"taxonomy":"post_tag","embeddable":true,"href":"https:\/\/crarn.org.br\/index.php?rest_route=%2Fwp%2Fv2%2Ftags&post=63602"}],"curies":[{"name":"wp","href":"https:\/\/api.w.org\/{rel}","templated":true}]}}