{"id":63593,"date":"2021-04-06T14:12:56","date_gmt":"2021-04-06T17:12:56","guid":{"rendered":"https:\/\/crarn.org.br\/?p=63593"},"modified":"2021-04-06T14:12:59","modified_gmt":"2021-04-06T17:12:59","slug":"cra-rn-prorroga-trabalho-remoto","status":"publish","type":"post","link":"https:\/\/crarn.org.br\/?p=63593","title":{"rendered":"CRA-RN prorroga trabalho remoto"},"content":{"rendered":"\n<p>\u00a0<\/p>\n<p>O atendimento externo do CRA-RN continua suspenso at\u00e9 o pr\u00f3ximo dia 12 de abril de 2021.<\/p>\n<p>A determina\u00e7\u00e3o obedece ao decreto do Governo do Estado do RN, que disp\u00f5e sobre medidas de isolamento social r\u00edgido destinadas ao enfrentamento da pandemia do novo coronav\u00edrus<\/p>\n<p>Neste per\u00edodo, as demandas dos profissionais ser\u00e3o atendidas pela equipe do CRA-RN, das 08h \u00e0s 12h e das 14h \u00e0s 16h, atrav\u00e9s dos canais abaixo:<\/p>\n<p>\u00a0<\/p>\n<p>Fone :\u00a0 99112-7660<\/p>\n<p>E-mails :\u00a0 <a href=\"mailto:registroprofissional@crarn.org.br\">registroprofissional@crarn.org.br<\/a><\/p>\n<p>\u00a0\u00a0\u00a0\u00a0\u00a0\u00a0\u00a0\u00a0\u00a0\u00a0\u00a0\u00a0\u00a0\u00a0 <a href=\"mailto:financeiro@crarn.org.br\">financeiro@crarn.org.br<\/a><\/p>\n<p>\u00a0\u00a0\u00a0\u00a0\u00a0\u00a0\u00a0\u00a0\u00a0\u00a0\u00a0 <a href=\"mailto:fiscalizacao@crarn.org.br\">\u00a0\u00a0 fiscalizacao@crarn.org.br<\/a><\/p>\n<button class=\"simplefavorite-button\" data-postid=\"63593\" data-siteid=\"1\" data-groupid=\"1\" data-favoritecount=\"0\" style=\"\">Favorite <i class=\"sf-icon-star-empty\"><\/i><\/button>","protected":false},"excerpt":{"rendered":"<p>\u00a0 O atendimento externo do CRA-RN continua suspenso at\u00e9 o pr\u00f3ximo dia 12 de abril de 2021. A determina\u00e7\u00e3o obedece ao decreto do Governo do Estado do RN, que disp\u00f5e sobre medidas de isolamento social r\u00edgido destinadas ao enfrentamento da pandemia do novo coronav\u00edrus Neste per\u00edodo, as demandas dos profissionais ser\u00e3o atendidas pela equipe do<a class=\"read-more\" href=\"https:\/\/crarn.org.br\/?p=63593\"> [&hellip;]<\/a><\/p>\n","protected":false},"author":26,"featured_media":63594,"comment_status":"closed","ping_status":"open","sticky":true,"template":"","format":"standard","meta":{"_price":"","_stock":"","_tribe_ticket_header":"","_tribe_default_ticket_provider":"","_tribe_ticket_capacity":"0","_ticket_start_date":"","_ticket_end_date":"","_tribe_ticket_show_description":"","_tribe_ticket_show_not_going":false,"_tribe_ticket_use_global_stock":"","_tribe_ticket_global_stock_level":"","_global_stock_mode":"","_global_stock_cap":"","_tribe_rsvp_for_event":"","_tribe_ticket_going_count":"","_tribe_ticket_not_going_count":"","_tribe_tickets_list":"[]","_tribe_ticket_has_attendee_info_fields":false,"footnotes":"","_links_to":"","_links_to_target":""},"categories":[547,310,399,309],"tags":[],"class_list":["post-63593","post","type-post","status-publish","format-standard","has-post-thumbnail","hentry","category-ano-2021","category-destaque-grande","category-institucional","category-ultimas-noticias","entry","has-media"],"_links":{"self":[{"href":"https:\/\/crarn.org.br\/index.php?rest_route=\/wp\/v2\/posts\/63593","targetHints":{"allow":["GET"]}}],"collection":[{"href":"https:\/\/crarn.org.br\/index.php?rest_route=\/wp\/v2\/posts"}],"about":[{"href":"https:\/\/crarn.org.br\/index.php?rest_route=\/wp\/v2\/types\/post"}],"author":[{"embeddable":true,"href":"https:\/\/crarn.org.br\/index.php?rest_route=\/wp\/v2\/users\/26"}],"replies":[{"embeddable":true,"href":"https:\/\/crarn.org.br\/index.php?rest_route=%2Fwp%2Fv2%2Fcomments&post=63593"}],"version-history":[{"count":2,"href":"https:\/\/crarn.org.br\/index.php?rest_route=\/wp\/v2\/posts\/63593\/revisions"}],"predecessor-version":[{"id":63608,"href":"https:\/\/crarn.org.br\/index.php?rest_route=\/wp\/v2\/posts\/63593\/revisions\/63608"}],"wp:featuredmedia":[{"embeddable":true,"href":"https:\/\/crarn.org.br\/index.php?rest_route=\/wp\/v2\/media\/63594"}],"wp:attachment":[{"href":"https:\/\/crarn.org.br\/index.php?rest_route=%2Fwp%2Fv2%2Fmedia&parent=63593"}],"wp:term":[{"taxonomy":"category","embeddable":true,"href":"https:\/\/crarn.org.br\/index.php?rest_route=%2Fwp%2Fv2%2Fcategories&post=63593"},{"taxonomy":"post_tag","embeddable":true,"href":"https:\/\/crarn.org.br\/index.php?rest_route=%2Fwp%2Fv2%2Ftags&post=63593"}],"curies":[{"name":"wp","href":"https:\/\/api.w.org\/{rel}","templated":true}]}}