{"id":63583,"date":"2021-04-01T16:44:43","date_gmt":"2021-04-01T19:44:43","guid":{"rendered":"https:\/\/crarn.org.br\/?p=63583"},"modified":"2021-04-01T16:44:46","modified_gmt":"2021-04-01T19:44:46","slug":"estudo-acaba-de-ser-atualizado-e-esta-disponivel-para-acesso-exclusivo","status":"publish","type":"post","link":"https:\/\/crarn.org.br\/?p=63583","title":{"rendered":"Estudo acaba de ser atualizado e est\u00e1 dispon\u00edvel para Acesso Exclusivo"},"content":{"rendered":"\n<header class=\"entry-header clr\"><\/header>\n<div class=\"entry-content clr\">\n<p>\u00a0<\/p>\n<p>O \u00cdndice CFA de Governan\u00e7a Municipal (IGM-CFA) acaba de ser atualizado. O estudo realizado pelo Conselho Federal de Administra\u00e7\u00e3o (CFA) \u00e9 uma ferramenta que visa auxiliar gestores municipais a visualizar as necessidades e\/ou boas pr\u00e1ticas de sua regi\u00e3o, priorizar pol\u00edticas p\u00fablicas, al\u00e9m de promover o debate sobre a import\u00e2ncia da gest\u00e3o municipal profissional.<\/p>\n<p>Nesse primeiro momento, o IGM-CFA 2021 estar\u00e1 dispon\u00edvel apenas para <a href=\"https:\/\/igmexclusivo.cfa.org.br\/pagina-inicial\/?redirect_to=https%3A%2F%2Figmexclusivo.cfa.org.br%2F\">Acesso Exclusivo <\/a>dos profissionais de Administra\u00e7\u00e3o registrados em CRA e em dia com as obriga\u00e7\u00f5es junto ao regional. O estudo \u00e9 atualizado todos os anos. Nesta edi\u00e7\u00e3o, a estrutura base do IGM se manteve, exceto no indicador Transpar\u00eancia. Esta vari\u00e1vel, cuja \u00faltima atualiza\u00e7\u00e3o foi em 2016, foi substitu\u00edda para a vari\u00e1vel Transpar\u00eancia Municipal, que \u00e9 de 2019 e avalia 21 itens como: se h\u00e1 no munic\u00edpio p\u00e1gina de transpar\u00eancia p\u00fablica, se s\u00e3o disponibilizadas informa\u00e7\u00f5es em tempo real sobre a execu\u00e7\u00e3o or\u00e7ament\u00e1ria, se h\u00e1 meios de acesso \u00e0 informa\u00e7\u00e3o p\u00fablica, entre outras informa\u00e7\u00f5es.<\/p>\n<p>Outro destaque \u00e9 que nesta nova vers\u00e3o do IGM-CFA o dado mais antigo \u00e9 de 2019. Para o diretor de Gest\u00e3o P\u00fablica do CFA, F\u00e1bio Mendes Mac\u00eado, isso traz mais efici\u00eancia e efetividade na consolida\u00e7\u00e3o dos dados. \u201cEstamos muito felizes em fazer esta entrega para o Brasil, pois as contribui\u00e7\u00f5es do IGM-CFA s\u00e3o fant\u00e1sticas para os gestores p\u00fablicos que visam efetivamente fazer um trabalho t\u00e9cnico cient\u00edfico\u201d, explica.<\/p>\n<p>Al\u00e9m disso, o diretor diz que a nova vers\u00e3o do IGM-CFA chega em um momento muito oportuno.<\/p>\n<blockquote>\n<p>\u201cO estudo consolida dados de mais de 5 mil munic\u00edpios brasileiros, nas suas importantes tr\u00eas dimens\u00f5es, nos 12 indicadores e nas 30 vari\u00e1veis permeando assim uma forma para que o gestor p\u00fablico possa planejar o direcionamento da gest\u00e3o municipal. Estamos em um ano \u00edmpar, per\u00edodo de entrega dos Planos Plurianuais. Nesse momento, o gestor ter\u00e1 que deliberar sobre a gest\u00e3o que far\u00e1 nos pr\u00f3ximos quatro anos. \u00c9 hora, portanto, de planejar o futuro\u201d, afirma o administrador e conselheiro do CFA.<\/p>\n<\/blockquote>\n<p><b>Sudeste lidera o ranking<\/b><\/p>\n<p>O IGM-CFA abrange 5.569 munic\u00edpios. Para tornar o estudo e o diagn\u00f3stico mais real, essas cidades s\u00e3o separadas e agrupadas por <i>clusters<\/i>. Ao todo, s\u00e3o oito grupos e, destes, sete s\u00e3o lideradas por munic\u00edpios da regi\u00e3o Sudeste.<\/p>\n<p>No grupo 8, que \u00e9 formado por munic\u00edpios com popula\u00e7\u00e3o acima de 100 mil habitantes e PIB per capita acima de R$ 28.636,00, o melhor colocado no IGM-CFA foi S\u00e3o Bernardo do Campo-SP. O grupo 6 \u00e9 o \u00fanico em que uma cidade de outra regi\u00e3o \u2013 Francisco Beltr\u00e3o (PR) \u2013\u00a0 aparece no topo do ranking.<\/p>\n<p><b>Saiba mais<\/b><\/p>\n<p>O IGM-CFA consiste em uma m\u00e9trica da governan\u00e7a p\u00fablica nos munic\u00edpios brasileiros a partir de tr\u00eas dimens\u00f5es: Finan\u00e7as, Gest\u00e3o e Desempenho. A m\u00e9dia delas gera o IGM-CFA. Para ter mais detalhes do IGM-CFA 2021 basta acessar o site <a href=\"http:\/\/igm.cfa.org.br\/\">http:\/\/igm.cfa.org.br<\/a> e clicar no Acesso Exclusivo. No portal, \u00e9 poss\u00edvel ver o ranking completo dos oito grupos de munic\u00edpios e ainda fazer compara\u00e7\u00f5es.<\/p>\n<p>O estudo foi elaborado a partir de dados secund\u00e1rios e considera \u00e1reas como sa\u00fade, educa\u00e7\u00e3o, saneamento e meio ambiente, seguran\u00e7a p\u00fablica, gest\u00e3o fiscal, transpar\u00eancia, recursos humanos, planejamento e outras.<\/p>\n<p>A partir da constru\u00e7\u00e3o de extenso banco de dados municipais, que foram extra\u00eddos de bases p\u00fablicas como STN, IBGE, PNUD e Datasus, realizou-se prioriza\u00e7\u00e3o de indicadores e vari\u00e1veis e, em seguida, por meio de tratamento estat\u00edstico, foi poss\u00edvel gerar um resultado para cada dimens\u00e3o e para o \u00cdndice. Assim como boa parte de suas fontes, o IGM \u00e9 atualizado anualmente.<\/p>\n<p>\u00a0<\/p>\n<p>\u00a0<\/p>\n<p>Ana Graciele Gon\u00e7alves<\/p>\n<p>Assessoria de Comunica\u00e7\u00e3o CFA<\/p>\n<\/div>\n<button class=\"simplefavorite-button\" data-postid=\"63583\" data-siteid=\"1\" data-groupid=\"1\" data-favoritecount=\"0\" style=\"\">Favorite <i class=\"sf-icon-star-empty\"><\/i><\/button>","protected":false},"excerpt":{"rendered":"<p>\u00a0 O \u00cdndice CFA de Governan\u00e7a Municipal (IGM-CFA) acaba de ser atualizado. O estudo realizado pelo Conselho Federal de Administra\u00e7\u00e3o (CFA) \u00e9 uma ferramenta que visa auxiliar gestores municipais a visualizar as necessidades e\/ou boas pr\u00e1ticas de sua regi\u00e3o, priorizar pol\u00edticas p\u00fablicas, al\u00e9m de promover o debate sobre a import\u00e2ncia da gest\u00e3o municipal profissional. Nesse<a class=\"read-more\" href=\"https:\/\/crarn.org.br\/?p=63583\"> [&hellip;]<\/a><\/p>\n","protected":false},"author":26,"featured_media":63584,"comment_status":"closed","ping_status":"open","sticky":true,"template":"","format":"standard","meta":{"_price":"","_stock":"","_tribe_ticket_header":"","_tribe_default_ticket_provider":"","_tribe_ticket_capacity":"0","_ticket_start_date":"","_ticket_end_date":"","_tribe_ticket_show_description":"","_tribe_ticket_show_not_going":false,"_tribe_ticket_use_global_stock":"","_tribe_ticket_global_stock_level":"","_global_stock_mode":"","_global_stock_cap":"","_tribe_rsvp_for_event":"","_tribe_ticket_going_count":"","_tribe_ticket_not_going_count":"","_tribe_tickets_list":"[]","_tribe_ticket_has_attendee_info_fields":false,"footnotes":"","_links_to":"","_links_to_target":""},"categories":[547,426,310,320,399,309],"tags":[],"class_list":["post-63583","post","type-post","status-publish","format-standard","has-post-thumbnail","hentry","category-ano-2021","category-cfa","category-destaque-grande","category-home","category-institucional","category-ultimas-noticias","entry","has-media"],"_links":{"self":[{"href":"https:\/\/crarn.org.br\/index.php?rest_route=\/wp\/v2\/posts\/63583","targetHints":{"allow":["GET"]}}],"collection":[{"href":"https:\/\/crarn.org.br\/index.php?rest_route=\/wp\/v2\/posts"}],"about":[{"href":"https:\/\/crarn.org.br\/index.php?rest_route=\/wp\/v2\/types\/post"}],"author":[{"embeddable":true,"href":"https:\/\/crarn.org.br\/index.php?rest_route=\/wp\/v2\/users\/26"}],"replies":[{"embeddable":true,"href":"https:\/\/crarn.org.br\/index.php?rest_route=%2Fwp%2Fv2%2Fcomments&post=63583"}],"version-history":[{"count":1,"href":"https:\/\/crarn.org.br\/index.php?rest_route=\/wp\/v2\/posts\/63583\/revisions"}],"predecessor-version":[{"id":63585,"href":"https:\/\/crarn.org.br\/index.php?rest_route=\/wp\/v2\/posts\/63583\/revisions\/63585"}],"wp:featuredmedia":[{"embeddable":true,"href":"https:\/\/crarn.org.br\/index.php?rest_route=\/wp\/v2\/media\/63584"}],"wp:attachment":[{"href":"https:\/\/crarn.org.br\/index.php?rest_route=%2Fwp%2Fv2%2Fmedia&parent=63583"}],"wp:term":[{"taxonomy":"category","embeddable":true,"href":"https:\/\/crarn.org.br\/index.php?rest_route=%2Fwp%2Fv2%2Fcategories&post=63583"},{"taxonomy":"post_tag","embeddable":true,"href":"https:\/\/crarn.org.br\/index.php?rest_route=%2Fwp%2Fv2%2Ftags&post=63583"}],"curies":[{"name":"wp","href":"https:\/\/api.w.org\/{rel}","templated":true}]}}