{"id":63573,"date":"2021-03-31T17:14:59","date_gmt":"2021-03-31T20:14:59","guid":{"rendered":"https:\/\/crarn.org.br\/?p=63573"},"modified":"2021-03-31T17:15:02","modified_gmt":"2021-03-31T20:15:02","slug":"live-apresenta-acoes-da-fiscalizacao-do-cra-rn-para-2021","status":"publish","type":"post","link":"https:\/\/crarn.org.br\/?p=63573","title":{"rendered":"Live apresenta a\u00e7\u00f5es da fiscaliza\u00e7\u00e3o do CRA-RN para 2021"},"content":{"rendered":"\n<p><\/p>\n\n\n\n<p>O projeto \u201c60 minutos com a Fiscaliza\u00e7\u00e3o\u201d foi lan\u00e7ado com a realiza\u00e7\u00e3o da sua primeira live, na noite desta ter\u00e7a-feira (30\/03), com o tema \u201cFiscaliza\u00e7\u00e3o 2021: como as a\u00e7\u00f5es ser\u00e3o desenvolvidas\u201d.<\/p>\n\n\n\n<p>Ao longo da conversa entre o diretor de fiscaliza\u00e7\u00e3o, Di\u00eago Dantas e a coordenadora, Tatiana Costa Pinto, foram discutidos diversos assuntos relativos \u00e0s atividades da fiscaliza\u00e7\u00e3o, tais como as a\u00e7\u00f5es de rotina, plano anual, fiscaliza\u00e7\u00e3o de empresas empregadoras privadas e p\u00fablicas, de empresas prestadoras de servi\u00e7os, de profissionais em exerc\u00edcio ilegal da profiss\u00e3o e de editais de licita\u00e7\u00e3o e concursos p\u00fablicos. Tamb\u00e9m foram abordados a orienta\u00e7\u00e3o e fiscaliza\u00e7\u00e3o das publica\u00e7\u00f5es de vagas para o mercado de trabalho e os projetos \u201cIntegrar para Crescer\u201d e \u201cCRA no Interior\u201d.<\/p>\n\n\n\n<p>A live contou ainda com a participa\u00e7\u00e3o de profissionais como a administradora Eva Vilma do Nascimento, de Natal, e o administrador, Everaldo Batista, de Manaus.<\/p>\n<button class=\"simplefavorite-button\" data-postid=\"63573\" data-siteid=\"1\" data-groupid=\"1\" data-favoritecount=\"0\" style=\"\">Favorite <i class=\"sf-icon-star-empty\"><\/i><\/button>","protected":false},"excerpt":{"rendered":"<p>O projeto \u201c60 minutos com a Fiscaliza\u00e7\u00e3o\u201d foi lan\u00e7ado com a realiza\u00e7\u00e3o da sua primeira live, na noite desta ter\u00e7a-feira (30\/03), com o tema \u201cFiscaliza\u00e7\u00e3o 2021: como as a\u00e7\u00f5es ser\u00e3o desenvolvidas\u201d. Ao longo da conversa entre o diretor de fiscaliza\u00e7\u00e3o, Di\u00eago Dantas e a coordenadora, Tatiana Costa Pinto, foram discutidos diversos assuntos relativos \u00e0s atividades<a class=\"read-more\" href=\"https:\/\/crarn.org.br\/?p=63573\"> [&hellip;]<\/a><\/p>\n","protected":false},"author":26,"featured_media":63574,"comment_status":"closed","ping_status":"open","sticky":true,"template":"","format":"standard","meta":{"_price":"","_stock":"","_tribe_ticket_header":"","_tribe_default_ticket_provider":"","_tribe_ticket_capacity":"0","_ticket_start_date":"","_ticket_end_date":"","_tribe_ticket_show_description":"","_tribe_ticket_show_not_going":false,"_tribe_ticket_use_global_stock":"","_tribe_ticket_global_stock_level":"","_global_stock_mode":"","_global_stock_cap":"","_tribe_rsvp_for_event":"","_tribe_ticket_going_count":"","_tribe_ticket_not_going_count":"","_tribe_tickets_list":"[]","_tribe_ticket_has_attendee_info_fields":false,"footnotes":"","_links_to":"","_links_to_target":""},"categories":[547,310,399,309],"tags":[],"class_list":["post-63573","post","type-post","status-publish","format-standard","has-post-thumbnail","hentry","category-ano-2021","category-destaque-grande","category-institucional","category-ultimas-noticias","entry","has-media"],"_links":{"self":[{"href":"https:\/\/crarn.org.br\/index.php?rest_route=\/wp\/v2\/posts\/63573","targetHints":{"allow":["GET"]}}],"collection":[{"href":"https:\/\/crarn.org.br\/index.php?rest_route=\/wp\/v2\/posts"}],"about":[{"href":"https:\/\/crarn.org.br\/index.php?rest_route=\/wp\/v2\/types\/post"}],"author":[{"embeddable":true,"href":"https:\/\/crarn.org.br\/index.php?rest_route=\/wp\/v2\/users\/26"}],"replies":[{"embeddable":true,"href":"https:\/\/crarn.org.br\/index.php?rest_route=%2Fwp%2Fv2%2Fcomments&post=63573"}],"version-history":[{"count":1,"href":"https:\/\/crarn.org.br\/index.php?rest_route=\/wp\/v2\/posts\/63573\/revisions"}],"predecessor-version":[{"id":63575,"href":"https:\/\/crarn.org.br\/index.php?rest_route=\/wp\/v2\/posts\/63573\/revisions\/63575"}],"wp:featuredmedia":[{"embeddable":true,"href":"https:\/\/crarn.org.br\/index.php?rest_route=\/wp\/v2\/media\/63574"}],"wp:attachment":[{"href":"https:\/\/crarn.org.br\/index.php?rest_route=%2Fwp%2Fv2%2Fmedia&parent=63573"}],"wp:term":[{"taxonomy":"category","embeddable":true,"href":"https:\/\/crarn.org.br\/index.php?rest_route=%2Fwp%2Fv2%2Fcategories&post=63573"},{"taxonomy":"post_tag","embeddable":true,"href":"https:\/\/crarn.org.br\/index.php?rest_route=%2Fwp%2Fv2%2Ftags&post=63573"}],"curies":[{"name":"wp","href":"https:\/\/api.w.org\/{rel}","templated":true}]}}