{"id":63501,"date":"2021-03-19T16:06:34","date_gmt":"2021-03-19T19:06:34","guid":{"rendered":"https:\/\/crarn.org.br\/?p=63501"},"modified":"2021-03-19T16:06:37","modified_gmt":"2021-03-19T19:06:37","slug":"cra-rn-debate-as-multiplas-competencias-da-mulher-na-administracao","status":"publish","type":"post","link":"https:\/\/crarn.org.br\/?p=63501","title":{"rendered":"CRA-RN debate as m\u00faltiplas compet\u00eancias da mulher na administra\u00e7\u00e3o"},"content":{"rendered":"\n<p>\u00a0<\/p>\n<p>A Comiss\u00e3o ADM Mulher do CRA-RN, promove, na pr\u00f3xima quinta-feira (25\/03), mais uma live com temas de interesse das profissionais da administra\u00e7\u00e3o.<\/p>\n<p>A live \u00e9 alusiva ao Dia Internacional da Mulher e traz uma conversa entre a diretora de Forma\u00e7\u00e3o Profissional do CRA-RN, Isabella Mendon\u00e7a e a Coordenadora do Curso de Administra\u00e7\u00e3o da Faculdade Cat\u00f3lica do RN e delegada da seccional Mossor\u00f3 do CRA-RN, M\u00e9rcia Barreto.<\/p>\n<p>Durante a live ser\u00e3o abordadas as \u201cM\u00faltiplas Compet\u00eancias da Mulher na Administra\u00e7\u00e3o\u201d.<\/p>\n<p>Come\u00e7a \u00e0s 19h30 e ser\u00e1 transmitida pelo Instagran @cra_rnoficial<\/p>\n<p>Participe!<\/p>\n<button class=\"simplefavorite-button\" data-postid=\"63501\" data-siteid=\"1\" data-groupid=\"1\" data-favoritecount=\"0\" style=\"\">Favorite <i class=\"sf-icon-star-empty\"><\/i><\/button>","protected":false},"excerpt":{"rendered":"<p>\u00a0 A Comiss\u00e3o ADM Mulher do CRA-RN, promove, na pr\u00f3xima quinta-feira (25\/03), mais uma live com temas de interesse das profissionais da administra\u00e7\u00e3o. A live \u00e9 alusiva ao Dia Internacional da Mulher e traz uma conversa entre a diretora de Forma\u00e7\u00e3o Profissional do CRA-RN, Isabella Mendon\u00e7a e a Coordenadora do Curso de Administra\u00e7\u00e3o da Faculdade<a class=\"read-more\" href=\"https:\/\/crarn.org.br\/?p=63501\"> [&hellip;]<\/a><\/p>\n","protected":false},"author":26,"featured_media":63502,"comment_status":"closed","ping_status":"open","sticky":true,"template":"","format":"standard","meta":{"_price":"","_stock":"","_tribe_ticket_header":"","_tribe_default_ticket_provider":"","_tribe_ticket_capacity":"0","_ticket_start_date":"","_ticket_end_date":"","_tribe_ticket_show_description":"","_tribe_ticket_show_not_going":false,"_tribe_ticket_use_global_stock":"","_tribe_ticket_global_stock_level":"","_global_stock_mode":"","_global_stock_cap":"","_tribe_rsvp_for_event":"","_tribe_ticket_going_count":"","_tribe_ticket_not_going_count":"","_tribe_tickets_list":"[]","_tribe_ticket_has_attendee_info_fields":false,"footnotes":"","_links_to":"","_links_to_target":""},"categories":[547,310,399,309],"tags":[],"class_list":["post-63501","post","type-post","status-publish","format-standard","has-post-thumbnail","hentry","category-ano-2021","category-destaque-grande","category-institucional","category-ultimas-noticias","entry","has-media"],"_links":{"self":[{"href":"https:\/\/crarn.org.br\/index.php?rest_route=\/wp\/v2\/posts\/63501","targetHints":{"allow":["GET"]}}],"collection":[{"href":"https:\/\/crarn.org.br\/index.php?rest_route=\/wp\/v2\/posts"}],"about":[{"href":"https:\/\/crarn.org.br\/index.php?rest_route=\/wp\/v2\/types\/post"}],"author":[{"embeddable":true,"href":"https:\/\/crarn.org.br\/index.php?rest_route=\/wp\/v2\/users\/26"}],"replies":[{"embeddable":true,"href":"https:\/\/crarn.org.br\/index.php?rest_route=%2Fwp%2Fv2%2Fcomments&post=63501"}],"version-history":[{"count":1,"href":"https:\/\/crarn.org.br\/index.php?rest_route=\/wp\/v2\/posts\/63501\/revisions"}],"predecessor-version":[{"id":63503,"href":"https:\/\/crarn.org.br\/index.php?rest_route=\/wp\/v2\/posts\/63501\/revisions\/63503"}],"wp:featuredmedia":[{"embeddable":true,"href":"https:\/\/crarn.org.br\/index.php?rest_route=\/wp\/v2\/media\/63502"}],"wp:attachment":[{"href":"https:\/\/crarn.org.br\/index.php?rest_route=%2Fwp%2Fv2%2Fmedia&parent=63501"}],"wp:term":[{"taxonomy":"category","embeddable":true,"href":"https:\/\/crarn.org.br\/index.php?rest_route=%2Fwp%2Fv2%2Fcategories&post=63501"},{"taxonomy":"post_tag","embeddable":true,"href":"https:\/\/crarn.org.br\/index.php?rest_route=%2Fwp%2Fv2%2Ftags&post=63501"}],"curies":[{"name":"wp","href":"https:\/\/api.w.org\/{rel}","templated":true}]}}