{"id":63498,"date":"2021-03-18T15:40:36","date_gmt":"2021-03-18T18:40:36","guid":{"rendered":"https:\/\/crarn.org.br\/?p=63498"},"modified":"2021-03-18T15:40:39","modified_gmt":"2021-03-18T18:40:39","slug":"cra-rn-determina-suspensao-do-atendimento-externo","status":"publish","type":"post","link":"https:\/\/crarn.org.br\/?p=63498","title":{"rendered":"CRA-RN determina suspens\u00e3o do atendimento externo"},"content":{"rendered":"\n<p>\u00a0<\/p>\n<p>Na manh\u00e3 desta quinta-feira (18\/03), o plen\u00e1rio do Conselho Regional de Administra\u00e7\u00e3o do RN esteve reunido de forma virtual, quando foram tomadas v\u00e1rias decis\u00f5es importantes.<\/p>\n<p>A reuni\u00e3o contou com a participa\u00e7\u00e3o do presidente, Fl\u00e1vio Em\u00edlio Cavalcanti, da sede do regional e, online,\u00a0 o vice-presidente, Rodrigo Fortunato; diretores, Kate Maciel, Di\u00eago Dantas e Isabella Mendon\u00e7a; conselheiros efetivos, C\u00e9lia Ribeiro, Nivaldo Pessoa, Pablo Phorlan e Zen\u00f3bio Pereira e os suplentes, Alice Dantas, Daniel Fonseca, Francigley Amorim e Adrina de Souza. Tamb\u00e9m participaram, o conselheiro federal pelo RN, J\u00falio Rezende, o seu suplente, Sandro Pacheco e a delegada da seccional de Mossor\u00f3, M\u00e9rcia Barreto.<\/p>\n<p>A principal determina\u00e7\u00e3o da plen\u00e1ria foi a suspens\u00e3o do atendimento externo do CRA-RN, no per\u00edodo de 20 de mar\u00e7o a 02 de abril, em atendimento ao decreto do Governo do Estado, que disp\u00f5e sobre as medidas de isolamento social r\u00edgido destinadas ao enfrentamento da pandemia do novo coronav\u00edrus. Neste per\u00edodo, a equipe do regional estar\u00e1 em home office, atendendo as demandas dos profissionais atrav\u00e9s de telefones e e-mails.<\/p>\n<p>Entre os v\u00e1rios assuntos apresentados, merecem destaque: requisitos para parceria com o CRA-RN; divulga\u00e7\u00e3o das a\u00e7\u00f5es da Fiscaliza\u00e7\u00e3o; composi\u00e7\u00e3o dos Conselhos Diretor e Curador da UERN; reuni\u00e3o com o Diretor de Fiscaliza\u00e7\u00e3o e Registro do CFA; proposta do Planejamento Estrat\u00e9gico; evento da Comiss\u00e3o ADM Mulher; ajustes no novo Regimento Interno; reparos na sede do regional, al\u00e9m dos informes administrativos de cada uma das diretorias.<\/p>\n<p>Confira abaixo os hor\u00e1rios e canais de atendimento durante o per\u00edodo de suspens\u00e3o do atendimento externo:<\/p>\n<p>&#8211; Telefone e Whats App \u2013 99112-7660<\/p>\n<p>-Emails \u2013 \u00a0<a href=\"mailto:registroprofissional@crarn.org.br\">registroprofissional@crarn.org.br<\/a><\/p>\n<p>\u00a0\u00a0\u00a0\u00a0\u00a0\u00a0\u00a0\u00a0\u00a0\u00a0\u00a0 \u00a0\u00a0\u00a0 \u00a0\u00a0<a href=\"mailto:Financeiro@crarn.org.br\">Financeiro@crarn.org.br<\/a><\/p>\n<p>\u00a0\u00a0\u00a0\u00a0\u00a0\u00a0\u00a0\u00a0\u00a0\u00a0\u00a0\u00a0\u00a0\u00a0 \u00a0<a href=\"mailto:fiscaliza\u00e7\u00e3o@crarn.org.br\">\u00a0 fiscaliza\u00e7\u00e3o@crarn.org.br<\/a><\/p>\n<p>\u00a0<\/p>\n<button class=\"simplefavorite-button\" data-postid=\"63498\" data-siteid=\"1\" data-groupid=\"1\" data-favoritecount=\"0\" style=\"\">Favorite <i class=\"sf-icon-star-empty\"><\/i><\/button>","protected":false},"excerpt":{"rendered":"<p>\u00a0 Na manh\u00e3 desta quinta-feira (18\/03), o plen\u00e1rio do Conselho Regional de Administra\u00e7\u00e3o do RN esteve reunido de forma virtual, quando foram tomadas v\u00e1rias decis\u00f5es importantes. A reuni\u00e3o contou com a participa\u00e7\u00e3o do presidente, Fl\u00e1vio Em\u00edlio Cavalcanti, da sede do regional e, online,\u00a0 o vice-presidente, Rodrigo Fortunato; diretores, Kate Maciel, Di\u00eago Dantas e Isabella Mendon\u00e7a;<a class=\"read-more\" href=\"https:\/\/crarn.org.br\/?p=63498\"> [&hellip;]<\/a><\/p>\n","protected":false},"author":26,"featured_media":63499,"comment_status":"closed","ping_status":"open","sticky":true,"template":"","format":"standard","meta":{"_price":"","_stock":"","_tribe_ticket_header":"","_tribe_default_ticket_provider":"","_tribe_ticket_capacity":"0","_ticket_start_date":"","_ticket_end_date":"","_tribe_ticket_show_description":"","_tribe_ticket_show_not_going":false,"_tribe_ticket_use_global_stock":"","_tribe_ticket_global_stock_level":"","_global_stock_mode":"","_global_stock_cap":"","_tribe_rsvp_for_event":"","_tribe_ticket_going_count":"","_tribe_ticket_not_going_count":"","_tribe_tickets_list":"[]","_tribe_ticket_has_attendee_info_fields":false,"footnotes":"","_links_to":"","_links_to_target":""},"categories":[547,310,320,399,309],"tags":[],"class_list":["post-63498","post","type-post","status-publish","format-standard","has-post-thumbnail","hentry","category-ano-2021","category-destaque-grande","category-home","category-institucional","category-ultimas-noticias","entry","has-media"],"_links":{"self":[{"href":"https:\/\/crarn.org.br\/index.php?rest_route=\/wp\/v2\/posts\/63498","targetHints":{"allow":["GET"]}}],"collection":[{"href":"https:\/\/crarn.org.br\/index.php?rest_route=\/wp\/v2\/posts"}],"about":[{"href":"https:\/\/crarn.org.br\/index.php?rest_route=\/wp\/v2\/types\/post"}],"author":[{"embeddable":true,"href":"https:\/\/crarn.org.br\/index.php?rest_route=\/wp\/v2\/users\/26"}],"replies":[{"embeddable":true,"href":"https:\/\/crarn.org.br\/index.php?rest_route=%2Fwp%2Fv2%2Fcomments&post=63498"}],"version-history":[{"count":1,"href":"https:\/\/crarn.org.br\/index.php?rest_route=\/wp\/v2\/posts\/63498\/revisions"}],"predecessor-version":[{"id":63500,"href":"https:\/\/crarn.org.br\/index.php?rest_route=\/wp\/v2\/posts\/63498\/revisions\/63500"}],"wp:featuredmedia":[{"embeddable":true,"href":"https:\/\/crarn.org.br\/index.php?rest_route=\/wp\/v2\/media\/63499"}],"wp:attachment":[{"href":"https:\/\/crarn.org.br\/index.php?rest_route=%2Fwp%2Fv2%2Fmedia&parent=63498"}],"wp:term":[{"taxonomy":"category","embeddable":true,"href":"https:\/\/crarn.org.br\/index.php?rest_route=%2Fwp%2Fv2%2Fcategories&post=63498"},{"taxonomy":"post_tag","embeddable":true,"href":"https:\/\/crarn.org.br\/index.php?rest_route=%2Fwp%2Fv2%2Ftags&post=63498"}],"curies":[{"name":"wp","href":"https:\/\/api.w.org\/{rel}","templated":true}]}}