{"id":63487,"date":"2021-03-15T14:43:44","date_gmt":"2021-03-15T17:43:44","guid":{"rendered":"https:\/\/crarn.org.br\/?p=63487"},"modified":"2021-03-15T14:43:46","modified_gmt":"2021-03-15T17:43:46","slug":"equipe-de-fiscalizacao-do-cra-rn-discute-plano-de-acao","status":"publish","type":"post","link":"https:\/\/crarn.org.br\/?p=63487","title":{"rendered":"Equipe de Fiscaliza\u00e7\u00e3o do CRA-RN discute plano de a\u00e7\u00e3o"},"content":{"rendered":"\n<p>\u00a0<\/p>\n<p>Nos \u00faltimos 15 dias, a equipe da diretoria de Fiscaliza\u00e7\u00e3o do CRA-RN vem realizando v\u00e1rias reuni\u00f5es.<\/p>\n<p>Os encontros s\u00e3o virtuais e t\u00eam como objetivo o alinhamento das a\u00e7\u00f5es e procedimentos da \u00e1rea, visando a cria\u00e7\u00e3o de uma rotina adequada \u00e0s orienta\u00e7\u00f5es da nova gest\u00e3o do regional.<\/p>\n<p>Al\u00e9m da adequa\u00e7\u00e3o de indicadores como forma de facilitar a divulga\u00e7\u00e3o das a\u00e7\u00f5es, tamb\u00e9m est\u00e3o entre os principais temas das reuni\u00f5es: execu\u00e7\u00e3o do Plano Anual de Fiscaliza\u00e7\u00e3o e levantamento das empresas empregadoras e prestadoras de servi\u00e7o, de acordo com os respectivos ramos de atividade e localiza\u00e7\u00e3o.<\/p>\n<p>Participaram das reuni\u00f5es, o diretor de Fiscaliza\u00e7\u00e3o e Registro, Di\u00eago Dantas; a coordenadora, Tatiana Costa Pinto; o assessor jur\u00eddico, Andr\u00e9 Medeiros e o administrador fiscal, F\u00e1bio Maia.<\/p>\n<p>\u00a0<\/p>\n<p>\u00a0<\/p>\n<button class=\"simplefavorite-button\" data-postid=\"63487\" data-siteid=\"1\" data-groupid=\"1\" data-favoritecount=\"0\" style=\"\">Favorite <i class=\"sf-icon-star-empty\"><\/i><\/button>","protected":false},"excerpt":{"rendered":"<p>\u00a0 Nos \u00faltimos 15 dias, a equipe da diretoria de Fiscaliza\u00e7\u00e3o do CRA-RN vem realizando v\u00e1rias reuni\u00f5es. Os encontros s\u00e3o virtuais e t\u00eam como objetivo o alinhamento das a\u00e7\u00f5es e procedimentos da \u00e1rea, visando a cria\u00e7\u00e3o de uma rotina adequada \u00e0s orienta\u00e7\u00f5es da nova gest\u00e3o do regional. Al\u00e9m da adequa\u00e7\u00e3o de indicadores como forma de<a class=\"read-more\" href=\"https:\/\/crarn.org.br\/?p=63487\"> [&hellip;]<\/a><\/p>\n","protected":false},"author":26,"featured_media":63488,"comment_status":"closed","ping_status":"open","sticky":true,"template":"","format":"standard","meta":{"_price":"","_stock":"","_tribe_ticket_header":"","_tribe_default_ticket_provider":"","_tribe_ticket_capacity":"0","_ticket_start_date":"","_ticket_end_date":"","_tribe_ticket_show_description":"","_tribe_ticket_show_not_going":false,"_tribe_ticket_use_global_stock":"","_tribe_ticket_global_stock_level":"","_global_stock_mode":"","_global_stock_cap":"","_tribe_rsvp_for_event":"","_tribe_ticket_going_count":"","_tribe_ticket_not_going_count":"","_tribe_tickets_list":"[]","_tribe_ticket_has_attendee_info_fields":false,"footnotes":"","_links_to":"","_links_to_target":""},"categories":[547,312,320,399,309],"tags":[],"class_list":["post-63487","post","type-post","status-publish","format-standard","has-post-thumbnail","hentry","category-ano-2021","category-destaque-pequeno-inferior","category-home","category-institucional","category-ultimas-noticias","entry","has-media"],"_links":{"self":[{"href":"https:\/\/crarn.org.br\/index.php?rest_route=\/wp\/v2\/posts\/63487","targetHints":{"allow":["GET"]}}],"collection":[{"href":"https:\/\/crarn.org.br\/index.php?rest_route=\/wp\/v2\/posts"}],"about":[{"href":"https:\/\/crarn.org.br\/index.php?rest_route=\/wp\/v2\/types\/post"}],"author":[{"embeddable":true,"href":"https:\/\/crarn.org.br\/index.php?rest_route=\/wp\/v2\/users\/26"}],"replies":[{"embeddable":true,"href":"https:\/\/crarn.org.br\/index.php?rest_route=%2Fwp%2Fv2%2Fcomments&post=63487"}],"version-history":[{"count":1,"href":"https:\/\/crarn.org.br\/index.php?rest_route=\/wp\/v2\/posts\/63487\/revisions"}],"predecessor-version":[{"id":63489,"href":"https:\/\/crarn.org.br\/index.php?rest_route=\/wp\/v2\/posts\/63487\/revisions\/63489"}],"wp:featuredmedia":[{"embeddable":true,"href":"https:\/\/crarn.org.br\/index.php?rest_route=\/wp\/v2\/media\/63488"}],"wp:attachment":[{"href":"https:\/\/crarn.org.br\/index.php?rest_route=%2Fwp%2Fv2%2Fmedia&parent=63487"}],"wp:term":[{"taxonomy":"category","embeddable":true,"href":"https:\/\/crarn.org.br\/index.php?rest_route=%2Fwp%2Fv2%2Fcategories&post=63487"},{"taxonomy":"post_tag","embeddable":true,"href":"https:\/\/crarn.org.br\/index.php?rest_route=%2Fwp%2Fv2%2Ftags&post=63487"}],"curies":[{"name":"wp","href":"https:\/\/api.w.org\/{rel}","templated":true}]}}