{"id":63475,"date":"2021-03-12T16:49:31","date_gmt":"2021-03-12T19:49:31","guid":{"rendered":"https:\/\/crarn.org.br\/?p=63475"},"modified":"2021-03-12T16:49:33","modified_gmt":"2021-03-12T19:49:33","slug":"diretor-de-fiscalizacao-do-cfa-reune-equipe-do-cra-rn","status":"publish","type":"post","link":"https:\/\/crarn.org.br\/?p=63475","title":{"rendered":"Diretor de Fiscaliza\u00e7\u00e3o do CFA re\u00fane equipe do CRA-RN"},"content":{"rendered":"\n<p>Nesta sexta-feira (12\/03,) o CRA-RN recebeu o diretor da C\u00e2mara de Fiscaliza\u00e7\u00e3o e Registro do CFA, Carlos Alberto Ferreira J\u00fanior, o Carl\u00e3o.<\/p>\n<p>Dando continuidade a um calend\u00e1rio de visitas \u00e0 v\u00e1rias cidades, o diretor reuniu a equipe de fiscaliza\u00e7\u00e3o do regional para trocar informa\u00e7\u00f5es e conhecer a situa\u00e7\u00e3o do setor, como parte do planejamento e alinhamento de a\u00e7\u00f5es e projetos do CFA para o Sistema.<\/p>\n<p>A reuni\u00e3o foi realizada de forma h\u00edbrida, com a participa\u00e7\u00e3o presencial do presidente do CRA-RN, Fl\u00e1vio Em\u00edlio Cavalcanti; conselheiro federal, J\u00falio Rezende; coordenadora de Fiscaliza\u00e7\u00e3o, Tatiana Costa Pinto; Assessor jur\u00eddico, Andr\u00e9 Medeiros; administrador fiscal, F\u00e1bio Maia; Coordenadora de Registro, Suerda Maciel e assistente de cobran\u00e7a, Juliana Lacerda. Participaram, ainda online, a diretora Administrativo Financeira, Kate Maciel e o diretor de fiscaliza\u00e7\u00e3o, Di\u00eago Dantas.<\/p>\n<p>\u00c9 importante destacar que a reuni\u00e3o seguiu a todas as orienta\u00e7\u00f5es quanto ao distanciamento social, de forma a promover a seguran\u00e7a de todos os participantes.<\/p>\n\n\n\n<figure class=\"wp-block-gallery columns-3 is-cropped wp-block-gallery-1 is-layout-flex wp-block-gallery-is-layout-flex\"><ul class=\"blocks-gallery-grid\"><li class=\"blocks-gallery-item\"><figure><img fetchpriority=\"high\" decoding=\"async\" width=\"1024\" height=\"768\" src=\"https:\/\/crarn.org.br\/wp-content\/uploads\/2021\/03\/fisca-08-1024x768.jpg\" alt=\"\" data-id=\"63477\" data-full-url=\"https:\/\/crarn.org.br\/wp-content\/uploads\/2021\/03\/fisca-08.jpg\" data-link=\"https:\/\/crarn.org.br\/?attachment_id=63477\" class=\"wp-image-63477\" srcset=\"https:\/\/crarn.org.br\/wp-content\/uploads\/2021\/03\/fisca-08-1024x768.jpg 1024w, https:\/\/crarn.org.br\/wp-content\/uploads\/2021\/03\/fisca-08-300x225.jpg 300w, https:\/\/crarn.org.br\/wp-content\/uploads\/2021\/03\/fisca-08-768x576.jpg 768w, https:\/\/crarn.org.br\/wp-content\/uploads\/2021\/03\/fisca-08.jpg 1280w\" sizes=\"(max-width: 1024px) 100vw, 1024px\" \/><\/figure><\/li><li class=\"blocks-gallery-item\"><figure><img decoding=\"async\" width=\"1024\" height=\"766\" src=\"https:\/\/crarn.org.br\/wp-content\/uploads\/2021\/03\/fisca-13-1024x766.jpg\" alt=\"\" data-id=\"63484\" data-full-url=\"https:\/\/crarn.org.br\/wp-content\/uploads\/2021\/03\/fisca-13.jpg\" data-link=\"https:\/\/crarn.org.br\/?attachment_id=63484\" class=\"wp-image-63484\" srcset=\"https:\/\/crarn.org.br\/wp-content\/uploads\/2021\/03\/fisca-13-1024x766.jpg 1024w, https:\/\/crarn.org.br\/wp-content\/uploads\/2021\/03\/fisca-13-300x225.jpg 300w, https:\/\/crarn.org.br\/wp-content\/uploads\/2021\/03\/fisca-13-768x575.jpg 768w, https:\/\/crarn.org.br\/wp-content\/uploads\/2021\/03\/fisca-13.jpg 1280w\" sizes=\"(max-width: 1024px) 100vw, 1024px\" \/><\/figure><\/li><li class=\"blocks-gallery-item\"><figure><img decoding=\"async\" width=\"1024\" height=\"766\" src=\"https:\/\/crarn.org.br\/wp-content\/uploads\/2021\/03\/fisca-20-1024x766.jpg\" alt=\"\" data-id=\"63482\" data-full-url=\"https:\/\/crarn.org.br\/wp-content\/uploads\/2021\/03\/fisca-20.jpg\" data-link=\"https:\/\/crarn.org.br\/?attachment_id=63482\" class=\"wp-image-63482\" srcset=\"https:\/\/crarn.org.br\/wp-content\/uploads\/2021\/03\/fisca-20-1024x766.jpg 1024w, https:\/\/crarn.org.br\/wp-content\/uploads\/2021\/03\/fisca-20-300x225.jpg 300w, https:\/\/crarn.org.br\/wp-content\/uploads\/2021\/03\/fisca-20-768x575.jpg 768w, https:\/\/crarn.org.br\/wp-content\/uploads\/2021\/03\/fisca-20.jpg 1280w\" sizes=\"(max-width: 1024px) 100vw, 1024px\" \/><\/figure><\/li><li class=\"blocks-gallery-item\"><figure><img loading=\"lazy\" decoding=\"async\" width=\"1024\" height=\"766\" src=\"https:\/\/crarn.org.br\/wp-content\/uploads\/2021\/03\/fisca-12-1024x766.jpg\" alt=\"\" data-id=\"63478\" data-full-url=\"https:\/\/crarn.org.br\/wp-content\/uploads\/2021\/03\/fisca-12.jpg\" data-link=\"https:\/\/crarn.org.br\/?attachment_id=63478\" class=\"wp-image-63478\" srcset=\"https:\/\/crarn.org.br\/wp-content\/uploads\/2021\/03\/fisca-12-1024x766.jpg 1024w, https:\/\/crarn.org.br\/wp-content\/uploads\/2021\/03\/fisca-12-300x225.jpg 300w, https:\/\/crarn.org.br\/wp-content\/uploads\/2021\/03\/fisca-12-768x575.jpg 768w, https:\/\/crarn.org.br\/wp-content\/uploads\/2021\/03\/fisca-12.jpg 1280w\" sizes=\"(max-width: 1024px) 100vw, 1024px\" \/><\/figure><\/li><li class=\"blocks-gallery-item\"><figure><img loading=\"lazy\" decoding=\"async\" width=\"576\" height=\"1024\" src=\"https:\/\/crarn.org.br\/wp-content\/uploads\/2021\/03\/WhatsApp-Image-2021-03-12-at-14.39.50-576x1024.jpeg\" alt=\"\" data-id=\"63483\" data-full-url=\"https:\/\/crarn.org.br\/wp-content\/uploads\/2021\/03\/WhatsApp-Image-2021-03-12-at-14.39.50.jpeg\" data-link=\"https:\/\/crarn.org.br\/?attachment_id=63483\" class=\"wp-image-63483\" srcset=\"https:\/\/crarn.org.br\/wp-content\/uploads\/2021\/03\/WhatsApp-Image-2021-03-12-at-14.39.50-576x1024.jpeg 576w, https:\/\/crarn.org.br\/wp-content\/uploads\/2021\/03\/WhatsApp-Image-2021-03-12-at-14.39.50-169x300.jpeg 169w, https:\/\/crarn.org.br\/wp-content\/uploads\/2021\/03\/WhatsApp-Image-2021-03-12-at-14.39.50.jpeg 720w\" sizes=\"(max-width: 576px) 100vw, 576px\" \/><\/figure><\/li><\/ul><\/figure>\n\n\n<button class=\"simplefavorite-button\" data-postid=\"63475\" data-siteid=\"1\" data-groupid=\"1\" data-favoritecount=\"0\" style=\"\">Favorite <i class=\"sf-icon-star-empty\"><\/i><\/button>","protected":false},"excerpt":{"rendered":"<p>Nesta sexta-feira (12\/03,) o CRA-RN recebeu o diretor da C\u00e2mara de Fiscaliza\u00e7\u00e3o e Registro do CFA, Carlos Alberto Ferreira J\u00fanior, o Carl\u00e3o. Dando continuidade a um calend\u00e1rio de visitas \u00e0 v\u00e1rias cidades, o diretor reuniu a equipe de fiscaliza\u00e7\u00e3o do regional para trocar informa\u00e7\u00f5es e conhecer a situa\u00e7\u00e3o do setor, como parte do planejamento e<a class=\"read-more\" href=\"https:\/\/crarn.org.br\/?p=63475\"> [&hellip;]<\/a><\/p>\n","protected":false},"author":26,"featured_media":63476,"comment_status":"closed","ping_status":"open","sticky":true,"template":"","format":"standard","meta":{"_price":"","_stock":"","_tribe_ticket_header":"","_tribe_default_ticket_provider":"","_tribe_ticket_capacity":"0","_ticket_start_date":"","_ticket_end_date":"","_tribe_ticket_show_description":"","_tribe_ticket_show_not_going":false,"_tribe_ticket_use_global_stock":"","_tribe_ticket_global_stock_level":"","_global_stock_mode":"","_global_stock_cap":"","_tribe_rsvp_for_event":"","_tribe_ticket_going_count":"","_tribe_ticket_not_going_count":"","_tribe_tickets_list":"[]","_tribe_ticket_has_attendee_info_fields":false,"footnotes":"","_links_to":"","_links_to_target":""},"categories":[547,311,399,309],"tags":[],"class_list":["post-63475","post","type-post","status-publish","format-standard","has-post-thumbnail","hentry","category-ano-2021","category-destaque-pequeno-superior","category-institucional","category-ultimas-noticias","entry","has-media"],"_links":{"self":[{"href":"https:\/\/crarn.org.br\/index.php?rest_route=\/wp\/v2\/posts\/63475","targetHints":{"allow":["GET"]}}],"collection":[{"href":"https:\/\/crarn.org.br\/index.php?rest_route=\/wp\/v2\/posts"}],"about":[{"href":"https:\/\/crarn.org.br\/index.php?rest_route=\/wp\/v2\/types\/post"}],"author":[{"embeddable":true,"href":"https:\/\/crarn.org.br\/index.php?rest_route=\/wp\/v2\/users\/26"}],"replies":[{"embeddable":true,"href":"https:\/\/crarn.org.br\/index.php?rest_route=%2Fwp%2Fv2%2Fcomments&post=63475"}],"version-history":[{"count":3,"href":"https:\/\/crarn.org.br\/index.php?rest_route=\/wp\/v2\/posts\/63475\/revisions"}],"predecessor-version":[{"id":63486,"href":"https:\/\/crarn.org.br\/index.php?rest_route=\/wp\/v2\/posts\/63475\/revisions\/63486"}],"wp:featuredmedia":[{"embeddable":true,"href":"https:\/\/crarn.org.br\/index.php?rest_route=\/wp\/v2\/media\/63476"}],"wp:attachment":[{"href":"https:\/\/crarn.org.br\/index.php?rest_route=%2Fwp%2Fv2%2Fmedia&parent=63475"}],"wp:term":[{"taxonomy":"category","embeddable":true,"href":"https:\/\/crarn.org.br\/index.php?rest_route=%2Fwp%2Fv2%2Fcategories&post=63475"},{"taxonomy":"post_tag","embeddable":true,"href":"https:\/\/crarn.org.br\/index.php?rest_route=%2Fwp%2Fv2%2Ftags&post=63475"}],"curies":[{"name":"wp","href":"https:\/\/api.w.org\/{rel}","templated":true}]}}