{"id":63459,"date":"2021-03-09T14:55:09","date_gmt":"2021-03-09T17:55:09","guid":{"rendered":"https:\/\/crarn.org.br\/?p=63459"},"modified":"2021-03-09T14:55:12","modified_gmt":"2021-03-09T17:55:12","slug":"cra-rn-abre-semestre-letivo-de-administracao-da-unp","status":"publish","type":"post","link":"https:\/\/crarn.org.br\/?p=63459","title":{"rendered":"CRA-RN abre semestre letivo de Administra\u00e7\u00e3o da UnP"},"content":{"rendered":"\n<p>O semestre letivo 2021.1 do curso de Administra\u00e7\u00e3o da UnP foi aberto nesta segunda-feira (08\/03), com a participa\u00e7\u00e3o ativa do Conselho Regional de Administra\u00e7\u00e3o do RN.<\/p>\n<p>Na aula magna online, que teve como tema \u201cEmpreendedorismo na carreira profissional: desafios e perspectivas\u201d, o presidente do CRA-RN e educador corporativo, Fl\u00e1vio Em\u00edlio Cavalcanti, falou sobre a profiss\u00e3o, o papel e a import\u00e2ncia do regional.<\/p>\n<p>O evento foi mediado pelo vice-presidente do CRA-RN e professor da institui\u00e7\u00e3o, Rodrigo Fortunato, e contou, ainda, com a participa\u00e7\u00e3o do professor e consultor Marcelo Bandiera que apresentou o tema principal: Empreendedorismo na carreira profissional.<\/p>\n<p>Durante o encontro virtual, que contou com a participa\u00e7\u00e3o de mais de trezentos alunos, tamb\u00e9m foram apresentadas as Empresas Juniores da institui\u00e7\u00e3o.<\/p>\n<p>\u00a0<\/p>\n<p>\u00a0<\/p>\n<button class=\"simplefavorite-button\" data-postid=\"63459\" data-siteid=\"1\" data-groupid=\"1\" data-favoritecount=\"0\" style=\"\">Favorite <i class=\"sf-icon-star-empty\"><\/i><\/button>","protected":false},"excerpt":{"rendered":"<p>O semestre letivo 2021.1 do curso de Administra\u00e7\u00e3o da UnP foi aberto nesta segunda-feira (08\/03), com a participa\u00e7\u00e3o ativa do Conselho Regional de Administra\u00e7\u00e3o do RN. Na aula magna online, que teve como tema \u201cEmpreendedorismo na carreira profissional: desafios e perspectivas\u201d, o presidente do CRA-RN e educador corporativo, Fl\u00e1vio Em\u00edlio Cavalcanti, falou sobre a profiss\u00e3o,<a class=\"read-more\" href=\"https:\/\/crarn.org.br\/?p=63459\"> [&hellip;]<\/a><\/p>\n","protected":false},"author":26,"featured_media":63461,"comment_status":"closed","ping_status":"open","sticky":true,"template":"","format":"standard","meta":{"_price":"","_stock":"","_tribe_ticket_header":"","_tribe_default_ticket_provider":"","_tribe_ticket_capacity":"0","_ticket_start_date":"","_ticket_end_date":"","_tribe_ticket_show_description":"","_tribe_ticket_show_not_going":false,"_tribe_ticket_use_global_stock":"","_tribe_ticket_global_stock_level":"","_global_stock_mode":"","_global_stock_cap":"","_tribe_rsvp_for_event":"","_tribe_ticket_going_count":"","_tribe_ticket_not_going_count":"","_tribe_tickets_list":"[]","_tribe_ticket_has_attendee_info_fields":false,"footnotes":"","_links_to":"","_links_to_target":""},"categories":[547,311,320,399,309],"tags":[],"class_list":["post-63459","post","type-post","status-publish","format-standard","has-post-thumbnail","hentry","category-ano-2021","category-destaque-pequeno-superior","category-home","category-institucional","category-ultimas-noticias","entry","has-media"],"_links":{"self":[{"href":"https:\/\/crarn.org.br\/index.php?rest_route=\/wp\/v2\/posts\/63459","targetHints":{"allow":["GET"]}}],"collection":[{"href":"https:\/\/crarn.org.br\/index.php?rest_route=\/wp\/v2\/posts"}],"about":[{"href":"https:\/\/crarn.org.br\/index.php?rest_route=\/wp\/v2\/types\/post"}],"author":[{"embeddable":true,"href":"https:\/\/crarn.org.br\/index.php?rest_route=\/wp\/v2\/users\/26"}],"replies":[{"embeddable":true,"href":"https:\/\/crarn.org.br\/index.php?rest_route=%2Fwp%2Fv2%2Fcomments&post=63459"}],"version-history":[{"count":2,"href":"https:\/\/crarn.org.br\/index.php?rest_route=\/wp\/v2\/posts\/63459\/revisions"}],"predecessor-version":[{"id":63463,"href":"https:\/\/crarn.org.br\/index.php?rest_route=\/wp\/v2\/posts\/63459\/revisions\/63463"}],"wp:featuredmedia":[{"embeddable":true,"href":"https:\/\/crarn.org.br\/index.php?rest_route=\/wp\/v2\/media\/63461"}],"wp:attachment":[{"href":"https:\/\/crarn.org.br\/index.php?rest_route=%2Fwp%2Fv2%2Fmedia&parent=63459"}],"wp:term":[{"taxonomy":"category","embeddable":true,"href":"https:\/\/crarn.org.br\/index.php?rest_route=%2Fwp%2Fv2%2Fcategories&post=63459"},{"taxonomy":"post_tag","embeddable":true,"href":"https:\/\/crarn.org.br\/index.php?rest_route=%2Fwp%2Fv2%2Ftags&post=63459"}],"curies":[{"name":"wp","href":"https:\/\/api.w.org\/{rel}","templated":true}]}}