{"id":63456,"date":"2021-03-08T16:37:02","date_gmt":"2021-03-08T19:37:02","guid":{"rendered":"https:\/\/crarn.org.br\/?p=63456"},"modified":"2021-03-08T16:37:05","modified_gmt":"2021-03-08T19:37:05","slug":"cra-rn-e-ufrn-avaliam-profissionais-egressos","status":"publish","type":"post","link":"https:\/\/crarn.org.br\/?p=63456","title":{"rendered":"CRA-RN E UFRN avaliam profissionais egressos"},"content":{"rendered":"\n<p>\u00a0<\/p>\n<p>Na tarde desta ter\u00e7a-feira (08\/03), o vice-presidente do CRA-RN, Rodrigo Fortunato e a diretora de Forma\u00e7\u00e3o Profissional, Isabella Mendon\u00e7a, participaram de uma reuni\u00e3o com a coordenadora do curso de Administra\u00e7\u00e3o da UFRN, Thelma Pignataro.<\/p>\n<p>Juntos, CRA-RN e UFRN, estabeleceram uma parceria que tem como finalidade conhecer o perfil dos profissionais egressos do curso de administra\u00e7\u00e3o da institui\u00e7\u00e3o e desenvolver a\u00e7\u00f5es que possam apoi\u00e1-los na entrada no mercado de trabalho.<\/p>\n<p>A primeira a\u00e7\u00e3o consiste na elabora\u00e7\u00e3o e aplica\u00e7\u00e3o de uma pesquisa sobre os egressos. O trabalho pretende avaliar tanto a institui\u00e7\u00e3o, quanto o perfil dos profissionais em v\u00e1rias quest\u00f5es: como ele est\u00e1 no mercado e seu comportamento; a renda; qual o papel no mercado, as condi\u00e7\u00f5es de trabalho, o desejo de aprendizado continuado, desenvolvimento profissional, etc.<\/p>\n<p>A partir desta coleta de informa\u00e7\u00f5es, a UFRN ter\u00e1 subs\u00eddios para entender a realidade dos egressos e direcionar a\u00e7\u00f5es no \u00e2mbito acad\u00eamico e o CRA-RN, desenvolver pr\u00e1ticas mais voltadas para as necessidades destes profissionais.<\/p>\n<p>\u00a0<\/p>\n<button class=\"simplefavorite-button\" data-postid=\"63456\" data-siteid=\"1\" data-groupid=\"1\" data-favoritecount=\"0\" style=\"\">Favorite <i class=\"sf-icon-star-empty\"><\/i><\/button>","protected":false},"excerpt":{"rendered":"<p>\u00a0 Na tarde desta ter\u00e7a-feira (08\/03), o vice-presidente do CRA-RN, Rodrigo Fortunato e a diretora de Forma\u00e7\u00e3o Profissional, Isabella Mendon\u00e7a, participaram de uma reuni\u00e3o com a coordenadora do curso de Administra\u00e7\u00e3o da UFRN, Thelma Pignataro. Juntos, CRA-RN e UFRN, estabeleceram uma parceria que tem como finalidade conhecer o perfil dos profissionais egressos do curso de<a class=\"read-more\" href=\"https:\/\/crarn.org.br\/?p=63456\"> [&hellip;]<\/a><\/p>\n","protected":false},"author":26,"featured_media":63457,"comment_status":"closed","ping_status":"open","sticky":true,"template":"","format":"standard","meta":{"_price":"","_stock":"","_tribe_ticket_header":"","_tribe_default_ticket_provider":"","_tribe_ticket_capacity":"0","_ticket_start_date":"","_ticket_end_date":"","_tribe_ticket_show_description":"","_tribe_ticket_show_not_going":false,"_tribe_ticket_use_global_stock":"","_tribe_ticket_global_stock_level":"","_global_stock_mode":"","_global_stock_cap":"","_tribe_rsvp_for_event":"","_tribe_ticket_going_count":"","_tribe_ticket_not_going_count":"","_tribe_tickets_list":"[]","_tribe_ticket_has_attendee_info_fields":false,"footnotes":"","_links_to":"","_links_to_target":""},"categories":[547,312,309],"tags":[],"class_list":["post-63456","post","type-post","status-publish","format-standard","has-post-thumbnail","hentry","category-ano-2021","category-destaque-pequeno-inferior","category-ultimas-noticias","entry","has-media"],"_links":{"self":[{"href":"https:\/\/crarn.org.br\/index.php?rest_route=\/wp\/v2\/posts\/63456","targetHints":{"allow":["GET"]}}],"collection":[{"href":"https:\/\/crarn.org.br\/index.php?rest_route=\/wp\/v2\/posts"}],"about":[{"href":"https:\/\/crarn.org.br\/index.php?rest_route=\/wp\/v2\/types\/post"}],"author":[{"embeddable":true,"href":"https:\/\/crarn.org.br\/index.php?rest_route=\/wp\/v2\/users\/26"}],"replies":[{"embeddable":true,"href":"https:\/\/crarn.org.br\/index.php?rest_route=%2Fwp%2Fv2%2Fcomments&post=63456"}],"version-history":[{"count":2,"href":"https:\/\/crarn.org.br\/index.php?rest_route=\/wp\/v2\/posts\/63456\/revisions"}],"predecessor-version":[{"id":63460,"href":"https:\/\/crarn.org.br\/index.php?rest_route=\/wp\/v2\/posts\/63456\/revisions\/63460"}],"wp:featuredmedia":[{"embeddable":true,"href":"https:\/\/crarn.org.br\/index.php?rest_route=\/wp\/v2\/media\/63457"}],"wp:attachment":[{"href":"https:\/\/crarn.org.br\/index.php?rest_route=%2Fwp%2Fv2%2Fmedia&parent=63456"}],"wp:term":[{"taxonomy":"category","embeddable":true,"href":"https:\/\/crarn.org.br\/index.php?rest_route=%2Fwp%2Fv2%2Fcategories&post=63456"},{"taxonomy":"post_tag","embeddable":true,"href":"https:\/\/crarn.org.br\/index.php?rest_route=%2Fwp%2Fv2%2Ftags&post=63456"}],"curies":[{"name":"wp","href":"https:\/\/api.w.org\/{rel}","templated":true}]}}