{"id":63444,"date":"2021-03-04T17:23:46","date_gmt":"2021-03-04T20:23:46","guid":{"rendered":"https:\/\/crarn.org.br\/?p=63444"},"modified":"2021-03-04T17:23:49","modified_gmt":"2021-03-04T20:23:49","slug":"secretario-de-planejamento-de-mossoro-recebe-representantes-do-cra-rn","status":"publish","type":"post","link":"https:\/\/crarn.org.br\/?p=63444","title":{"rendered":"Secret\u00e1rio de Planejamento de Mossor\u00f3 recebe representantes do CRA-RN"},"content":{"rendered":"\n<p>&nbsp;<\/p>\n<p>Na manh\u00e3 da \u00faltima quarta-feira (03\/03), o presidente do CRA-RN, Fl\u00e1vio Em\u00edlio Cavalcanti, o vice-presidente, Rodrigo Fortunato e a delegada da seccional de Mossor\u00f3, M\u00e9rcia Barreto, foram recebidos em audi\u00eancia pelo secret\u00e1rio de Planejamento da Prefeitura de Mossor\u00f3, Franklin Felizardo.<\/p>\n<p>Na reuni\u00e3o, que teve o intuito de estreitar as rela\u00e7\u00f5es entre o regional e o a gest\u00e3o do munic\u00edpio, os representantes do CRA-RN apresentaram o \u00cdndice de Governan\u00e7a Municipal \u2013 IGM\/CFA com o objetivo de divulgar o estudo de forma a ser utilizado como balizador das a\u00e7\u00f5es visando o crescimento do desenvolvimento municipal.<\/p>\n<p>O IGM \u00e9 um estudo realizado pelo CFA, em parceria com o Instituto Publix, com a proposta de medir a qualidade da gest\u00e3o p\u00fablica dos munic\u00edpios. O \u00cdndice consiste em uma m\u00e9trica da governan\u00e7a p\u00fablica nos munic\u00edpios brasileiros.<\/p>\n<p>Tomando como base as informa\u00e7\u00f5es do trabalho do CFA, o regional se disp\u00f4s a atuar mais de perto com o munic\u00edpio na gest\u00e3o dos indicadores do IGM, que s\u00e3o: finan\u00e7as, gest\u00e3o e desempenho, desdobrado em indicadores bem objetivos.<\/p>\n<p>O secret\u00e1rio, Franklin Felizardo foi muito receptivo \u00e0s inten\u00e7\u00f5es apresentadas pelos representantes do Conselho, inclusive pelo fato de ser administrador, &nbsp;j\u00e1 ter sido delegado da seccional de Mossor\u00f3 e por ter registrado seu apoio \u00e0 nova delegada empossada, M\u00e9rcia Barreto.<\/p>\n<p>O presidente do CRA-RN, Fl\u00e1vio Em\u00edlio v\u00ea este primeiro contato com o secret\u00e1rio como muito positivo. \u201cA inten\u00e7\u00e3o \u00e9 promover uma melhoria nestes indicadores da gest\u00e3o do munic\u00edpio de Mossor\u00f3. O CRA-RN se colocou como parceiro para colaborar neste sentido, n\u00e3o s\u00f3 com a Prefeitura de Mossor\u00f3, mas tamb\u00e9m, com a FEMURN \u2013 Federa\u00e7\u00e3o dos Munic\u00edpios do RN\u201d, afirmou.<\/p>\n<button class=\"simplefavorite-button\" data-postid=\"63444\" data-siteid=\"1\" data-groupid=\"1\" data-favoritecount=\"0\" style=\"\">Favorite <i class=\"sf-icon-star-empty\"><\/i><\/button>","protected":false},"excerpt":{"rendered":"<p>&nbsp; Na manh\u00e3 da \u00faltima quarta-feira (03\/03), o presidente do CRA-RN, Fl\u00e1vio Em\u00edlio Cavalcanti, o vice-presidente, Rodrigo Fortunato e a delegada da seccional de Mossor\u00f3, M\u00e9rcia Barreto, foram recebidos em audi\u00eancia pelo secret\u00e1rio de Planejamento da Prefeitura de Mossor\u00f3, Franklin Felizardo. Na reuni\u00e3o, que teve o intuito de estreitar as rela\u00e7\u00f5es entre o regional e<a class=\"read-more\" href=\"https:\/\/crarn.org.br\/?p=63444\"> [&hellip;]<\/a><\/p>\n","protected":false},"author":26,"featured_media":63446,"comment_status":"closed","ping_status":"open","sticky":true,"template":"","format":"standard","meta":{"_price":"","_stock":"","_tribe_ticket_header":"","_tribe_default_ticket_provider":"","_tribe_ticket_capacity":"0","_ticket_start_date":"","_ticket_end_date":"","_tribe_ticket_show_description":"","_tribe_ticket_show_not_going":false,"_tribe_ticket_use_global_stock":"","_tribe_ticket_global_stock_level":"","_global_stock_mode":"","_global_stock_cap":"","_tribe_rsvp_for_event":"","_tribe_ticket_going_count":"","_tribe_ticket_not_going_count":"","_tribe_tickets_list":"[]","_tribe_ticket_has_attendee_info_fields":false,"footnotes":"","_links_to":"","_links_to_target":""},"categories":[547,311,320,399,309],"tags":[],"class_list":["post-63444","post","type-post","status-publish","format-standard","has-post-thumbnail","hentry","category-ano-2021","category-destaque-pequeno-superior","category-home","category-institucional","category-ultimas-noticias","entry","has-media"],"_links":{"self":[{"href":"https:\/\/crarn.org.br\/index.php?rest_route=\/wp\/v2\/posts\/63444","targetHints":{"allow":["GET"]}}],"collection":[{"href":"https:\/\/crarn.org.br\/index.php?rest_route=\/wp\/v2\/posts"}],"about":[{"href":"https:\/\/crarn.org.br\/index.php?rest_route=\/wp\/v2\/types\/post"}],"author":[{"embeddable":true,"href":"https:\/\/crarn.org.br\/index.php?rest_route=\/wp\/v2\/users\/26"}],"replies":[{"embeddable":true,"href":"https:\/\/crarn.org.br\/index.php?rest_route=%2Fwp%2Fv2%2Fcomments&post=63444"}],"version-history":[{"count":1,"href":"https:\/\/crarn.org.br\/index.php?rest_route=\/wp\/v2\/posts\/63444\/revisions"}],"predecessor-version":[{"id":63447,"href":"https:\/\/crarn.org.br\/index.php?rest_route=\/wp\/v2\/posts\/63444\/revisions\/63447"}],"wp:featuredmedia":[{"embeddable":true,"href":"https:\/\/crarn.org.br\/index.php?rest_route=\/wp\/v2\/media\/63446"}],"wp:attachment":[{"href":"https:\/\/crarn.org.br\/index.php?rest_route=%2Fwp%2Fv2%2Fmedia&parent=63444"}],"wp:term":[{"taxonomy":"category","embeddable":true,"href":"https:\/\/crarn.org.br\/index.php?rest_route=%2Fwp%2Fv2%2Fcategories&post=63444"},{"taxonomy":"post_tag","embeddable":true,"href":"https:\/\/crarn.org.br\/index.php?rest_route=%2Fwp%2Fv2%2Ftags&post=63444"}],"curies":[{"name":"wp","href":"https:\/\/api.w.org\/{rel}","templated":true}]}}