{"id":63431,"date":"2021-03-02T16:59:47","date_gmt":"2021-03-02T19:59:47","guid":{"rendered":"https:\/\/crarn.org.br\/?p=63431"},"modified":"2021-03-02T16:59:50","modified_gmt":"2021-03-02T19:59:50","slug":"cra-rn-empossa-nova-delegada-da-seccional-mossoro","status":"publish","type":"post","link":"https:\/\/crarn.org.br\/?p=63431","title":{"rendered":"CRA-RN empossa nova delegada da seccional Mossor\u00f3"},"content":{"rendered":"\n<p>\u00a0<\/p>\n<p>A administradora M\u00e9rcia Barreto Viana \u00e9 a nova delegada da seccional do CRA-RN, em Mossor\u00f3.<\/p>\n<p>A posse foi realizada na manh\u00e3 desta ter\u00e7a-feira (02\/03), na sede da seccional e contou com a presen\u00e7a do presidente do CRA-RN, Fl\u00e1vio Em\u00edlio Cavalcanti, do vice, Rodrigo Fortunato e da assistente administrativa, Nath\u00e1lia Rebou\u00e7as.<\/p>\n<p>Primeira mulher a ocupar o cargo, M\u00e9rcia \u00e9 graduada, Mestra e doutoranda em Administra\u00e7\u00e3o, com P\u00f3s gradua\u00e7\u00e3o em Doc\u00eancia no Ensino Superior e Administra\u00e7\u00e3o em Sistema de Gest\u00e3o da Qualidade. Consultora Organizacional h\u00e1 20 anos e avaliadora em autoriza\u00e7\u00e3o e reconhecimento de cursos pelo MEC. Atualmente \u00e9 Professora e Coordenadora do curso de administra\u00e7\u00e3o da Faculdade Cat\u00f3lica do RN.<\/p>\n<p>Para a nova delegada, a indica\u00e7\u00e3o e aceita\u00e7\u00e3o do seu nome foi motivo de felicidade, mas reconhece a grande responsabilidade do cargo. \u201cSei que o desafio \u00e9 grande. Tenho confian\u00e7a e convic\u00e7\u00e3o na profiss\u00e3o que escolhi e que ningu\u00e9m faz nada sozinho. Ent\u00e3o, precisamos unir for\u00e7as com os profissionais da administra\u00e7\u00e3o para fortalecer a categoria e juntos melhorarmos a cada dia\u201d, destacou.<\/p>\n<p>Ap\u00f3s a posse, a delegada, o presidente, Fl\u00e1vio Em\u00edlio e o vice, Rodrigo Fortunato, foram entrevistados pelo rep\u00f3rter Maric\u00e9lio Almeida, da R\u00e1dio Rural de Mossor\u00f3.<\/p>\n<button class=\"simplefavorite-button\" data-postid=\"63431\" data-siteid=\"1\" data-groupid=\"1\" data-favoritecount=\"0\" style=\"\">Favorite <i class=\"sf-icon-star-empty\"><\/i><\/button>","protected":false},"excerpt":{"rendered":"<p>\u00a0 A administradora M\u00e9rcia Barreto Viana \u00e9 a nova delegada da seccional do CRA-RN, em Mossor\u00f3. A posse foi realizada na manh\u00e3 desta ter\u00e7a-feira (02\/03), na sede da seccional e contou com a presen\u00e7a do presidente do CRA-RN, Fl\u00e1vio Em\u00edlio Cavalcanti, do vice, Rodrigo Fortunato e da assistente administrativa, Nath\u00e1lia Rebou\u00e7as. Primeira mulher a ocupar<a class=\"read-more\" href=\"https:\/\/crarn.org.br\/?p=63431\"> [&hellip;]<\/a><\/p>\n","protected":false},"author":26,"featured_media":63433,"comment_status":"closed","ping_status":"open","sticky":true,"template":"","format":"standard","meta":{"_price":"","_stock":"","_tribe_ticket_header":"","_tribe_default_ticket_provider":"","_tribe_ticket_capacity":"0","_ticket_start_date":"","_ticket_end_date":"","_tribe_ticket_show_description":"","_tribe_ticket_show_not_going":false,"_tribe_ticket_use_global_stock":"","_tribe_ticket_global_stock_level":"","_global_stock_mode":"","_global_stock_cap":"","_tribe_rsvp_for_event":"","_tribe_ticket_going_count":"","_tribe_ticket_not_going_count":"","_tribe_tickets_list":"[]","_tribe_ticket_has_attendee_info_fields":false,"footnotes":"","_links_to":"","_links_to_target":""},"categories":[547,311,320,399,309],"tags":[],"class_list":["post-63431","post","type-post","status-publish","format-standard","has-post-thumbnail","hentry","category-ano-2021","category-destaque-pequeno-superior","category-home","category-institucional","category-ultimas-noticias","entry","has-media"],"_links":{"self":[{"href":"https:\/\/crarn.org.br\/index.php?rest_route=\/wp\/v2\/posts\/63431","targetHints":{"allow":["GET"]}}],"collection":[{"href":"https:\/\/crarn.org.br\/index.php?rest_route=\/wp\/v2\/posts"}],"about":[{"href":"https:\/\/crarn.org.br\/index.php?rest_route=\/wp\/v2\/types\/post"}],"author":[{"embeddable":true,"href":"https:\/\/crarn.org.br\/index.php?rest_route=\/wp\/v2\/users\/26"}],"replies":[{"embeddable":true,"href":"https:\/\/crarn.org.br\/index.php?rest_route=%2Fwp%2Fv2%2Fcomments&post=63431"}],"version-history":[{"count":2,"href":"https:\/\/crarn.org.br\/index.php?rest_route=\/wp\/v2\/posts\/63431\/revisions"}],"predecessor-version":[{"id":63435,"href":"https:\/\/crarn.org.br\/index.php?rest_route=\/wp\/v2\/posts\/63431\/revisions\/63435"}],"wp:featuredmedia":[{"embeddable":true,"href":"https:\/\/crarn.org.br\/index.php?rest_route=\/wp\/v2\/media\/63433"}],"wp:attachment":[{"href":"https:\/\/crarn.org.br\/index.php?rest_route=%2Fwp%2Fv2%2Fmedia&parent=63431"}],"wp:term":[{"taxonomy":"category","embeddable":true,"href":"https:\/\/crarn.org.br\/index.php?rest_route=%2Fwp%2Fv2%2Fcategories&post=63431"},{"taxonomy":"post_tag","embeddable":true,"href":"https:\/\/crarn.org.br\/index.php?rest_route=%2Fwp%2Fv2%2Ftags&post=63431"}],"curies":[{"name":"wp","href":"https:\/\/api.w.org\/{rel}","templated":true}]}}