{"id":63353,"date":"2021-02-25T12:53:21","date_gmt":"2021-02-25T15:53:21","guid":{"rendered":"https:\/\/crarn.org.br\/?p=63353"},"modified":"2021-02-25T12:53:24","modified_gmt":"2021-02-25T15:53:24","slug":"evento-alusivo-ao-dia-internacional-da-mulher-discutira-papel-feminino-no-mundo-digital","status":"publish","type":"post","link":"https:\/\/crarn.org.br\/?p=63353","title":{"rendered":"Evento alusivo ao Dia Internacional da Mulher discutir\u00e1 papel feminino no mundo digital"},"content":{"rendered":"\n<p>\u00a0<\/p>\n<p>Para celebrar o Dia Internacional da Mulher, a Comiss\u00e3o Especial ADM Mulher do Conselho Federal de Administra\u00e7\u00e3o (CFA) realizar\u00e1, no dia 8 de mar\u00e7o, o \u201cADM Mulher\u201d. O evento on-line ter\u00e1 como tema \u201cAs mulheres no mundo digital\u201d e ser\u00e1 transmitido pelo CFAPlay.<\/p>\n<p>\u201cA ideia \u00e9 poder discutir um pouco o papel da mulher dentro deste contexto, a quest\u00e3o de empreender na \u00e1rea digital. J\u00e1 temos quatro palestrantes confirmadas\u201d, explicou a diretora de Forma\u00e7\u00e3o Profissional no CFA e coordenadora da Comiss\u00e3o ADM Mulher, Cl\u00e1udia Stadtlober.<\/p>\n<p>Ela falou, ainda, das expectativas com o evento. \u201cCom rela\u00e7\u00e3o ao dia 8 de mar\u00e7o, \u00e9 marcar a import\u00e2ncia dessa data e da necessidade de a gente buscar essa equidade de g\u00eanero nas organiza\u00e7\u00f5es, em todos os espa\u00e7os, sejam eles p\u00fablicos ou privados, e poder lembrar, nesse dia, o ADM Mulher, que \u00e9 o momento que a gente tem de divulga\u00e7\u00e3o e de compartilhamento de conhecimento\u201d, disse.<\/p>\n<p>Palestrantes<\/p>\n<p>Uma das palestrantes confirmadas \u00e9 de Honduras: Daysy Trejo de Lagos. Ela \u00e9 membro da Organiza\u00e7\u00e3o Latinoamericana de Administra\u00e7\u00e3o (OLA) e tem mais de 20 anos de experi\u00eancia como docente universit\u00e1ria na \u00e1rea de ci\u00eancias administrativas, financeiras e cont\u00e1beis, e na aplica\u00e7\u00e3o de ferramentas tecnol\u00f3gicas aplicadas \u00e0 educa\u00e7\u00e3o.<\/p>\n<p>Outra representante da OLA que tamb\u00e9m estar\u00e1 no ADM Mulher \u00e9 a argentina Silvana Scarficci. Ela \u00e9 licenciada em Administra\u00e7\u00e3o de Empresas, especialista em Gest\u00e3o de PMEs e Doc\u00eancia Universit\u00e1ria. Al\u00e9m das participa\u00e7\u00f5es internacionais, o evento tamb\u00e9m contar\u00e1 com a presen\u00e7a de duas palestrantes brasileiras: Amanda Lopes e Gisele Machado.<\/p>\n<p>Amanda \u00e9 de Pernambuco, publicit\u00e1ria e atualmente est\u00e1 na TDS Company, onde trabalha com habilita\u00e7\u00e3o em jornadas de transforma\u00e7\u00e3o digital para diferentes clientes. Al\u00e9m disso, \u00e9 pesquisadora sobre quest\u00f5es de g\u00eanero relacionadas ao contexto de tecnologia e inova\u00e7\u00e3o. J\u00e1 atuou como Analista de Inova\u00e7\u00e3o no Porto Digital, onde trabalhou com atra\u00e7\u00e3o de talentos para as empresas embarcadas no Parque Tecnol\u00f3gico e coordenando o programa Mulheres em Inova\u00e7\u00e3o Neg\u00f3cios e Artes, cujo objetivo \u00e9 trazer equidade de g\u00eanero para o ecossistema do Porto Digital.<\/p>\n<p>J\u00e1 Gisele \u00e9 jornalista, empres\u00e1ria e especialista em notoriedade e conex\u00f5es. Com MBA em Marketing Digital pela FGV, atua h\u00e1 mais de 17 anos em comunica\u00e7\u00e3o e marketing ajudando empresas de todo Brasil a venderem mais, sobretudo as do setor da constru\u00e7\u00e3o civil, foco exclusivo da Halo Notoriedade, ag\u00eancia especializada no assunto, fundada pela profissional, onde atua como CEO.<\/p>\n<p>Gisele atua como consultora e mentora de projetos vinculados a startups em Programas e Entidades (InovAtiva Brasil e MIDI Tecnol\u00f3gico) dedicados ao desenvolvimento de empreendedores. Em paralelo, h\u00e1 mais de 10 anos dedica-se ao associativismo, onde j\u00e1 ocupou v\u00e1rios cargos em diversas entidades e, desde 2019, dedica-se ao Mulheres ACATE.<\/p>\n<p>Saiba mais<\/p>\n<p>O ADM Mulher acontecer\u00e1 no dia 8 de mar\u00e7o, \u00e0s 16h, e ser\u00e1 transmitido pelo CFAPlay. O evento \u00e9 gratuito e, para participar, \u00e9 preciso fazer a pr\u00e9-inscri\u00e7\u00e3o no site https:\/\/www.even3.com.br\/webinar_mulher_adm\/. Todos os participantes receber\u00e3o certificados.<\/p>\n<p>\u00a0<\/p>\n<p>Ana Graciele Gon\u00e7alves<\/p>\n<p>Assessoria de comunica\u00e7\u00e3o CFA<\/p>\n<p>\u00a0<\/p>\n<p>\u00a0<\/p>\n<button class=\"simplefavorite-button\" data-postid=\"63353\" data-siteid=\"1\" data-groupid=\"1\" data-favoritecount=\"0\" style=\"\">Favorite <i class=\"sf-icon-star-empty\"><\/i><\/button>","protected":false},"excerpt":{"rendered":"<p>\u00a0 Para celebrar o Dia Internacional da Mulher, a Comiss\u00e3o Especial ADM Mulher do Conselho Federal de Administra\u00e7\u00e3o (CFA) realizar\u00e1, no dia 8 de mar\u00e7o, o \u201cADM Mulher\u201d. O evento on-line ter\u00e1 como tema \u201cAs mulheres no mundo digital\u201d e ser\u00e1 transmitido pelo CFAPlay. \u201cA ideia \u00e9 poder discutir um pouco o papel da mulher<a class=\"read-more\" href=\"https:\/\/crarn.org.br\/?p=63353\"> [&hellip;]<\/a><\/p>\n","protected":false},"author":26,"featured_media":63354,"comment_status":"closed","ping_status":"open","sticky":true,"template":"","format":"standard","meta":{"_price":"","_stock":"","_tribe_ticket_header":"","_tribe_default_ticket_provider":"","_tribe_ticket_capacity":"0","_ticket_start_date":"","_ticket_end_date":"","_tribe_ticket_show_description":"","_tribe_ticket_show_not_going":false,"_tribe_ticket_use_global_stock":"","_tribe_ticket_global_stock_level":"","_global_stock_mode":"","_global_stock_cap":"","_tribe_rsvp_for_event":"","_tribe_ticket_going_count":"","_tribe_ticket_not_going_count":"","_tribe_tickets_list":"[]","_tribe_ticket_has_attendee_info_fields":false,"footnotes":"","_links_to":"","_links_to_target":""},"categories":[547,426,310,320,399,309],"tags":[568],"class_list":["post-63353","post","type-post","status-publish","format-standard","has-post-thumbnail","hentry","category-ano-2021","category-cfa","category-destaque-grande","category-home","category-institucional","category-ultimas-noticias","tag-dia-internacional-da-mulher","entry","has-media"],"_links":{"self":[{"href":"https:\/\/crarn.org.br\/index.php?rest_route=\/wp\/v2\/posts\/63353","targetHints":{"allow":["GET"]}}],"collection":[{"href":"https:\/\/crarn.org.br\/index.php?rest_route=\/wp\/v2\/posts"}],"about":[{"href":"https:\/\/crarn.org.br\/index.php?rest_route=\/wp\/v2\/types\/post"}],"author":[{"embeddable":true,"href":"https:\/\/crarn.org.br\/index.php?rest_route=\/wp\/v2\/users\/26"}],"replies":[{"embeddable":true,"href":"https:\/\/crarn.org.br\/index.php?rest_route=%2Fwp%2Fv2%2Fcomments&post=63353"}],"version-history":[{"count":1,"href":"https:\/\/crarn.org.br\/index.php?rest_route=\/wp\/v2\/posts\/63353\/revisions"}],"predecessor-version":[{"id":63355,"href":"https:\/\/crarn.org.br\/index.php?rest_route=\/wp\/v2\/posts\/63353\/revisions\/63355"}],"wp:featuredmedia":[{"embeddable":true,"href":"https:\/\/crarn.org.br\/index.php?rest_route=\/wp\/v2\/media\/63354"}],"wp:attachment":[{"href":"https:\/\/crarn.org.br\/index.php?rest_route=%2Fwp%2Fv2%2Fmedia&parent=63353"}],"wp:term":[{"taxonomy":"category","embeddable":true,"href":"https:\/\/crarn.org.br\/index.php?rest_route=%2Fwp%2Fv2%2Fcategories&post=63353"},{"taxonomy":"post_tag","embeddable":true,"href":"https:\/\/crarn.org.br\/index.php?rest_route=%2Fwp%2Fv2%2Ftags&post=63353"}],"curies":[{"name":"wp","href":"https:\/\/api.w.org\/{rel}","templated":true}]}}